{"id":846,"date":"2020-11-21T15:50:06","date_gmt":"2020-11-21T15:50:06","guid":{"rendered":"https:\/\/tenerife-hike-wandern.com\/?p=846"},"modified":"2020-11-23T17:07:29","modified_gmt":"2020-11-23T17:07:29","slug":"el-teide","status":"publish","type":"post","link":"https:\/\/tenerife-hike-wandern.com\/?p=846","title":{"rendered":"EL TEIDE, El padre Teide."},"content":{"rendered":"\n<h2 class=\"has-vivid-red-color has-text-color\">ECHEYDE O TEIDA, DE LOS GUANCHES<\/h2>\n\n\n\n<div class=\"wp-container-3 wp-block-columns\">\n<div class=\"wp-container-1 wp-block-column\">\n<figure class=\"wp-block-image size-large\"><img width=\"640\" height=\"645\" src=\"https:\/\/tenerife-hike-wandern.com\/wp-content\/uploads\/2020\/09\/WEB-31.jpg\" alt=\"Sunrise on Teide top. Gregorios wanderfamily Teneriffa. Victor Camejo\" class=\"wp-image-697\" srcset=\"https:\/\/tenerife-hike-wandern.com\/wp-content\/uploads\/2020\/09\/WEB-31.jpg 640w, https:\/\/tenerife-hike-wandern.com\/wp-content\/uploads\/2020\/09\/WEB-31-298x300.jpg 298w, https:\/\/tenerife-hike-wandern.com\/wp-content\/uploads\/2020\/09\/WEB-31-150x150.jpg 150w\" sizes=\"(max-width: 640px) 100vw, 640px\" \/><figcaption>Sunrise on Teide top. Gregorios wanderfamily Teneriffa. Victor Camejo<\/figcaption><\/figure>\n<\/div>\n\n\n\n<div class=\"wp-container-2 wp-block-column\">\n<blockquote class=\"wp-block-quote\"><p>\u00abIgnoraban que fuesen inmortales las almas, y que hubiese pena y gloria aunque afirmaban cierto haber Infierno, que llamaban Echeyde, y al demonio Guayota; y por el monte Teida y por el Sol, a quien Magec llamaban, juraban con recato y respeto&#8230;\u00bb<\/p><p><\/p><cite>Antonio de Viana, poeta canario, siglo XVII<\/cite><\/blockquote>\n<\/div>\n<\/div>\n\n\n\n<h2 class=\"has-vivid-red-color has-text-color\"><a href=\"https:\/\/en.wikipedia.org\/wiki\/Acham%C3%A1n\" target=\"_blank\" aria-label=\"undefined (abre en una nueva pesta\u00f1a)\" rel=\"noreferrer noopener\">TEIDE, ACHAM\u00c1N<\/a>, SALVA AL MUNDO DE LA OSCURIDAD<\/h2>\n\n\n\n<h3 class=\"has-vivid-red-color has-text-color\">Y ENCIERRA, A GUAYOTA, DENTRO DE ECHEYDE, Y LIBERANDO A MAGEC<\/h3>\n\n\n\n<div class=\"wp-container-6 wp-block-columns\">\n<div class=\"wp-container-4 wp-block-column\" style=\"flex-basis:66.66%\">\n<figure class=\"wp-block-embed-youtube wp-block-embed is-type-video is-provider-youtube wp-embed-aspect-16-9 wp-has-aspect-ratio\"><div class=\"wp-block-embed__wrapper\">\n<p class=\"responsive-video-wrap clr\"><iframe title=\"Fumarolas Teide. Gregorios wanderfamily Tenerife\" width=\"1200\" height=\"675\" src=\"https:\/\/www.youtube.com\/embed\/1g-LZ2QgejY?feature=oembed\" frameborder=\"0\" allow=\"accelerometer; autoplay; clipboard-write; encrypted-media; gyroscope; picture-in-picture\" allowfullscreen><\/iframe><\/p>\n<\/div><figcaption>Pico del Teide y las fumarolas. Gregorios wanderfamily <\/figcaption><\/figure>\n\n\n\n<p><\/p>\n\n\n\n<!--more-->\n\n\n\n<p><\/p>\n<\/div>\n\n\n\n<div class=\"wp-container-5 wp-block-column\" style=\"flex-basis:33.33%\">\n<p>Guayota, el demonio, o la encarnaci\u00f3n del mal, para los guanches.( Los antiguos habitantes, de Tenerife. Nuestros antepasados). Atrapa y encierra a Magec ( El Sol o la luz) Y sume al mundo en la oscuridad, absoluta. Los guanches, imploran a Acham\u00e1n, que les ayude, y salve a la vida, y a la humanidad, de la segura, aniquilaci\u00f3n. Acham\u00e1n, tras una lucha, contra Guayota, consigue liberar a Magec, y encierra, al demonio, dentro del Teide. Colocando, sobre \u00e9l, el pit\u00f3n, cono o pan de az\u00facar, caracter\u00edstico del Teide. A veces, cada cierto tiempo. Guayota, intenta escapar, pero Acham\u00e1n, lo retiene y vuelve a encerrar. La \u00faltima vez fue,que Guayota intent\u00f3 escapar fue en 1798 ( \u00faltima erupci\u00f3n del Teide, Narices del Teide ). Aunque habr\u00e1 intentado escapar por El Chinyero, La Palma o El Hierro.<\/p>\n<\/div>\n<\/div>\n\n\n\n<h2><a href=\"https:\/\/es.wikipedia.org\/wiki\/Teide\" target=\"_blank\" aria-label=\"undefined (abre en una nueva pesta\u00f1a)\" rel=\"noreferrer noopener\">EL TEIDE Y TENERIFE. <\/a><\/h2>\n\n\n\n<h4>TENERIFE SIEMPRE HA SIDO, EL LUGAR DONDE EST\u00c1 EL TEIDE. Es tanta la importancia, y la magnitud del Teide. Que siempre la islas Canarias, pero sobre todo Tenerife, est\u00e1n marcados, por su presencia.<\/h4>\n\n\n\n<p>     Ya los primeros, navegantes, hablan de una gran monta\u00f1a, mas all\u00e1, del estrecho de Gibraltar. Y seguramente, la famosa columna, que sostiene el cielo, o Atlas, sea el Teide. Ya que desde el mar, es la monta\u00f1a, mas grande. Que los navegantes pueden divisar. Una monta\u00f1a, El Teide, que puede divisar, con buenas condiciones desde casi 300 kil\u00f3metros, de distancia. Un verdadero, faro, para los navegantes. Cartagineses y griegos. Homero, habla, de un lugar donde no hay inviernos y hay una monta\u00f1a, muy grande, el Jard\u00edn de las Hesp\u00e9rides.  El romano, Virgilio, hizo descender a J\u00fapiter ( Dios supremo de Roma ) sobre el monte Atlante. Con los hombros cubiertos de nieve, y la cabeza coronada, de pinos. \u00bfCoincidencia o El Teide?. Los romanos, llamaban a Tenerife, Nivaria. En referencia al Teide, que en esa \u00e9poca, estar\u00eda casi siempre blanco. En la edad media, llaman a Tenerife, la isla, del Diablo o del Infierno. En ese momento, el Teide, est\u00e1 en erupci\u00f3n. Una erupci\u00f3n que durar\u00e1 casi cien a\u00f1os. Y que formar\u00e1, el cono, o pan de az\u00facar. Y que le da al Teide esa singular figura, caracter\u00edstica. Cuando los castellanos, vinieron a conquistar Tenerife. Tomaron el nombre de los benahoritas, los abor\u00edgenes de La Palma. Tenerife, significa monta\u00f1a blanca. Siempre Chinet ( Tenerife, en el idioma guanche). Luego desde las otras islas, siempre la gran monta\u00f1a. El tri\u00e1ngulo, de las pintaderas de Tamar\u00e1n ( Gran Canaria ). En Maxorata, ( Fuerteventura ) cuando se ve la Monta\u00f1a.  \u00bf El infierno de los guanches ?\u00bfO su Axis Mundi? El lugar donde se encuentra los tres mundos. El infierno, el mundo de los vivos, el mundo de los dioses. O el mundo, de los vivos o de los muertos. <\/p>\n\n\n\n<div class=\"wp-container-9 wp-block-columns\">\n<div class=\"wp-container-7 wp-block-column\" style=\"flex-basis:66.66%\">\n<figure class=\"wp-block-image size-large\"><img width=\"1024\" height=\"496\" src=\"https:\/\/tenerife-hike-wandern.com\/wp-content\/uploads\/2020\/11\/El-Teide-un-faro-para-la-navegaci\u00f3n.-Gregorios-Wanderfamily-Tenerife-scaled-e1605546068320-1024x496.jpg\" alt=\"Alexander von Humboldt. Gregorios Wanderfamily Tenerife. Hiking in Tenerife\" class=\"wp-image-854\" srcset=\"https:\/\/tenerife-hike-wandern.com\/wp-content\/uploads\/2020\/11\/El-Teide-un-faro-para-la-navegaci\u00f3n.-Gregorios-Wanderfamily-Tenerife-scaled-e1605546068320-1024x496.jpg 1024w, https:\/\/tenerife-hike-wandern.com\/wp-content\/uploads\/2020\/11\/El-Teide-un-faro-para-la-navegaci\u00f3n.-Gregorios-Wanderfamily-Tenerife-scaled-e1605546068320-300x145.jpg 300w, https:\/\/tenerife-hike-wandern.com\/wp-content\/uploads\/2020\/11\/El-Teide-un-faro-para-la-navegaci\u00f3n.-Gregorios-Wanderfamily-Tenerife-scaled-e1605546068320-768x372.jpg 768w, https:\/\/tenerife-hike-wandern.com\/wp-content\/uploads\/2020\/11\/El-Teide-un-faro-para-la-navegaci\u00f3n.-Gregorios-Wanderfamily-Tenerife-scaled-e1605546068320-1536x743.jpg 1536w, https:\/\/tenerife-hike-wandern.com\/wp-content\/uploads\/2020\/11\/El-Teide-un-faro-para-la-navegaci\u00f3n.-Gregorios-Wanderfamily-Tenerife-scaled-e1605546068320-2048x991.jpg 2048w\" sizes=\"(max-width: 1024px) 100vw, 1024px\" \/><figcaption>Alexander von Humboldt. Gregorios Wanderfamily Tenerife. Hiking in Tenerife<\/figcaption><\/figure>\n<\/div>\n\n\n\n<div class=\"wp-container-8 wp-block-column\" style=\"flex-basis:33.33%\">\n<p><a href=\"https:\/\/www.instagram.com\/p\/BvXM8V1nnk6\/\">https:\/\/www.instagram.com\/p\/BvXM8V1nnk6\/<\/a><\/p>\n<\/div>\n<\/div>\n\n\n\n<h2 class=\"has-vivid-red-color has-text-color\">EL TEIDE, UN REFERENTE, UN S\u00cdMBOLO, UN TOTEM <\/h2>\n\n\n\n<h4> TEIDE. S\u00cdMBOLO, DE CANARIAS<\/h4>\n\n\n\n<p>  El Teide, siempre destacando, en el horizonte. Siempre la l\u00ednea del cielo, de las islas. Y mas para, los que vivimos en el norte de Tenerife. Siempre en la autopista, a la altura, de Tacoronte, El Sauzal. Volviendo a casa, al Valle de La Orotava. Siempre all\u00e1 arriba. Desde ni\u00f1os, siempre en lo mas alto. Seguramente una de las primeras palabras que aprendemos. Quiz\u00e1s mam\u00e1, pap\u00e1, Teide. Por eso lo de padre Teide jajaj. Bueno porque no. La tableta, de chocolate La Candelaria; El Drago de Icod, La Virgen de Candelaria y El Teide. La cerveza Dorada, El escudo de La Orotava, Icod, Santa Cruz&#8230; etc. El Teide es nuestro totem, uno de nuestros referentes, como colectivo en medio del Atl\u00e1ntico.<\/p>\n\n\n\n<div class=\"wp-container-13 wp-block-columns\">\n<div class=\"wp-container-10 wp-block-column\">\n<figure class=\"wp-block-image size-medium\"><img width=\"300\" height=\"181\" src=\"https:\/\/tenerife-hike-wandern.com\/wp-content\/uploads\/2020\/11\/El-Teide.-La-linea-del-cielo-nuestro-SKYLINE.-Gregorios-Wanderfamily-Tenerife-300x181.jpg\" alt=\"Teide, y la l\u00ednea del cielo ( skyline ).Gregorios wanderfamily Tenerife \" class=\"wp-image-866\" srcset=\"https:\/\/tenerife-hike-wandern.com\/wp-content\/uploads\/2020\/11\/El-Teide.-La-linea-del-cielo-nuestro-SKYLINE.-Gregorios-Wanderfamily-Tenerife-300x181.jpg 300w, https:\/\/tenerife-hike-wandern.com\/wp-content\/uploads\/2020\/11\/El-Teide.-La-linea-del-cielo-nuestro-SKYLINE.-Gregorios-Wanderfamily-Tenerife-1024x616.jpg 1024w, https:\/\/tenerife-hike-wandern.com\/wp-content\/uploads\/2020\/11\/El-Teide.-La-linea-del-cielo-nuestro-SKYLINE.-Gregorios-Wanderfamily-Tenerife-768x462.jpg 768w, https:\/\/tenerife-hike-wandern.com\/wp-content\/uploads\/2020\/11\/El-Teide.-La-linea-del-cielo-nuestro-SKYLINE.-Gregorios-Wanderfamily-Tenerife-1536x925.jpg 1536w, https:\/\/tenerife-hike-wandern.com\/wp-content\/uploads\/2020\/11\/El-Teide.-La-linea-del-cielo-nuestro-SKYLINE.-Gregorios-Wanderfamily-Tenerife-2048x1233.jpg 2048w\" sizes=\"(max-width: 300px) 100vw, 300px\" \/><figcaption> El Teide, y la l\u00ednea del cielo ( skyline ).Gregorios wanderfamily Tenerife<\/figcaption><\/figure>\n<\/div>\n\n\n\n<div class=\"wp-container-11 wp-block-column\">\n<figure class=\"wp-block-image size-large\"><img width=\"651\" height=\"482\" src=\"https:\/\/tenerife-hike-wandern.com\/wp-content\/uploads\/2020\/11\/El-C.D.-Tenerife-y-El-Teide.-Gregorios-Wanderfamily-Tenerife.jpg\" alt=\"CDT Tenerife, y El Teide. Gregorios wanderfamily Tenerife\" class=\"wp-image-867\" srcset=\"https:\/\/tenerife-hike-wandern.com\/wp-content\/uploads\/2020\/11\/El-C.D.-Tenerife-y-El-Teide.-Gregorios-Wanderfamily-Tenerife.jpg 651w, https:\/\/tenerife-hike-wandern.com\/wp-content\/uploads\/2020\/11\/El-C.D.-Tenerife-y-El-Teide.-Gregorios-Wanderfamily-Tenerife-300x222.jpg 300w\" sizes=\"(max-width: 651px) 100vw, 651px\" \/><figcaption>CDT Tenerife, y El Teide. Gregorios wanderfamily Tenerife<\/figcaption><\/figure>\n<\/div>\n\n\n\n<div class=\"wp-container-12 wp-block-column\">\n<figure class=\"wp-block-image size-thumbnail\"><img width=\"150\" height=\"150\" src=\"https:\/\/tenerife-hike-wandern.com\/wp-content\/uploads\/2020\/11\/Cerveza-Dorada-cambian-los-dise\u00f1os-pero-siempre-El-Teide.-Gregorios-Wanderfamily-Tenerife-150x150.jpg\" alt=\"Dorada, cerveza de Tenrife y El Teide. Gregorios wanderfamily\" class=\"wp-image-868\"\/><figcaption>Dorada, cerveza de Tenerife y El Teide. Gregorios wanderfamily<\/figcaption><\/figure>\n\n\n\n<p><\/p>\n<\/div>\n<\/div>\n\n\n\n<h2 class=\"has-vivid-red-color has-text-color\">EL TEIDE, HISTORIA Y ERUPCIONES<\/h2>\n\n\n\n<h4> <strong>EL TEIDE<\/strong>, c\u00faspide de la isla de Tenerife, no siempre ha estado ah\u00ed. <\/h4>\n\n\n\n<p>    E incluso, antes hab\u00eda un anterior volc\u00e1n, que ya no se encuentra ah\u00ed. Que colaps\u00f3 hace mas de 100 mil a\u00f1os.  Quiz\u00e1s, en solamente en unos pocos segundos, se precipitaron alrededor de dos millones de metros c\u00fabicos de rocas. Llegando, al oc\u00e9ano, y formando, una gran ola; seguramente un mega tsunami. Todo, ese material, todas esas rocas est\u00e1n en el fondo marino, de la costa norte de Tenerife. Lo que queda en el sur, es una gran caldera. Que forma el Parque Nacional del Teide. El punto mas alto, ser\u00eda <strong> El Guajara,<\/strong> de 2715 metros de altura. Casi todo el sur de Tenerife, pertenecer\u00eda, o fue formado  por este gran volc\u00e1n. Y que es posible posible, que midiera, mas de 5000 metros de altura. En el norte, uno de sus restos, ser\u00eda,<strong> el macizo de Tigaiga<\/strong>. Tras esta, gigantesca, avalancha, denominada; Deslizamiento gravitacional. Surgi\u00f3 El Teide. Poco a poco, tras numerosas erupciones durante los \u00faltimos, cien mil a\u00f1os. El Teide, ha ido creciendo y ocupando parte del lecho. Que dej\u00f3, el antiguo volc\u00e1n, en su precipitada ca\u00edda, hacia el mar.<\/p>\n\n\n\n<figure class=\"wp-block-embed-youtube wp-block-embed is-type-video is-provider-youtube wp-embed-aspect-16-9 wp-has-aspect-ratio\"><div class=\"wp-block-embed__wrapper\">\n<p class=\"responsive-video-wrap clr\"><iframe title=\"Guayota.\" width=\"1200\" height=\"675\" src=\"https:\/\/www.youtube.com\/embed\/6emgHEinboY?start=132&#038;feature=oembed\" frameborder=\"0\" allow=\"accelerometer; autoplay; clipboard-write; encrypted-media; gyroscope; picture-in-picture\" allowfullscreen><\/iframe><\/p>\n<\/div><figcaption>La leyenda de Guayota, y la formaci\u00f3n del Teide. Gregorios Wanderfamily Tenerife<\/figcaption><\/figure>\n\n\n\n<!--nextpage-->\n\n\n\n<h2 class=\"has-vivid-red-color has-text-color\">EL TEIDE, LA MONTA\u00d1A QUE INFUNDE TEMOR.<\/h2>\n\n\n\n<h2> Muchos visitantes, quedan atemorizados, por la imagen del gigante, TEIDE.<\/h2>\n\n\n\n<p>       Son muchos los ejemplos, del temor y miedo, que infund\u00eda El Teide, a los extranjeros. Los diferentes navegantes, que se acercaron a Las Islas Canarias, a lo largo de los tiempos sintieron pavor. La imagen de esa grand\u00edsima monta\u00f1a, alejaba, a los extra\u00f1os. Y desist\u00edan, de desembarcar en la isla. Y que incluso, los castellanos, dejaran a Tenerife, como la \u00faltima isla a conquistar. Y tambi\u00e9n, y quiz\u00e1s el Teide, diera, mas fuerza o valor a los guanches. Ya Que las batallas mas duras y cruentas, fueron en Tenerife. Los conquistadores, necesitaron dos a\u00f1os, y muchos soldados, para rendir Tenerife. Y durante, mucho tiempo, los europeos, no se acercaban, a los altos de Tenerife. Por el miedo, a la gran monta\u00f1a, y por supuesto a los guanches rebeldes. Guanches libres, que la habitaban. Cristiano, que sub\u00eda a las cumbres, cristiano que no regresaba, vivo.<\/p>\n\n\n\n<div class=\"wp-container-16 wp-block-columns\">\n<div class=\"wp-container-14 wp-block-column\">\n<figure class=\"wp-block-image size-large\"><img width=\"533\" height=\"490\" src=\"https:\/\/tenerife-hike-wandern.com\/wp-content\/uploads\/2020\/11\/Escudo-de-Icod.-EL-Drago-El-Teide-y-los-guanches.-Gregorios-wanderfamily-Tenerife.jpg\" alt=\"El escudo de Icod, los guanches, El Drago y El Teide. Gregorios wanderfamily T\" class=\"wp-image-870\" srcset=\"https:\/\/tenerife-hike-wandern.com\/wp-content\/uploads\/2020\/11\/Escudo-de-Icod.-EL-Drago-El-Teide-y-los-guanches.-Gregorios-wanderfamily-Tenerife.jpg 533w, https:\/\/tenerife-hike-wandern.com\/wp-content\/uploads\/2020\/11\/Escudo-de-Icod.-EL-Drago-El-Teide-y-los-guanches.-Gregorios-wanderfamily-Tenerife-300x276.jpg 300w\" sizes=\"(max-width: 533px) 100vw, 533px\" \/><figcaption>El Teide, el Drago y los guanches. Gregorios wanderfamily Tenerife<\/figcaption><\/figure>\n<\/div>\n\n\n\n<div class=\"wp-container-15 wp-block-column\">\n<blockquote class=\"wp-block-quote\"><p>\u00ab&#8230;Los viajeros dieron la vuelta a la isla de Tenerife y al observar que ve\u00edan por todas partes el Teide, dominando, el paisaje, no se atrvieron a desembarcar por el temor que les produc\u00eda&#8230;\u00bb<\/p><cite>Fragmento, del libro \u00bb EL TEIDE, DE MITO GEOGR\u00c1FICO A PARQUE NACIONAL\u00bb Relato de Bocaccio ( 1313-1375 ) sobre un viaje a Canarias en 1341<\/cite><\/blockquote>\n<\/div>\n<\/div>\n\n\n\n<h2 class=\"has-vivid-red-color has-text-color\">EL TEIDE, Y ALGUNAS IMPRESIONES A LO LARGO DEL TIEMPO.<\/h2>\n\n\n\n<h2>Humboldt y El Teide<\/h2>\n\n\n\n<div class=\"wp-container-19 wp-block-columns\">\n<div class=\"wp-container-17 wp-block-column\">\n<blockquote class=\"wp-block-quote\"><p>\u00abQuerido Wilhelm                                                   Regres\u00e9 del Pico ayer en la noche! Que espect\u00e1culo, que gozo&#8230;Di\u00f3s, qu\u00e9 sensaci\u00f3n a esta altura; sobre nosotros , la b\u00f3veda del cielo de azul intenso&#8230;\u00bb<\/p><cite>Alexander von Humboldt, carta a su hermano Wilhelm 23 de junio de 1799<\/cite><\/blockquote>\n\n\n\n<p><\/p>\n<\/div>\n\n\n\n<div class=\"wp-container-18 wp-block-column\">\n<figure class=\"wp-block-image size-medium is-resized\"><img src=\"https:\/\/tenerife-hike-wandern.com\/wp-content\/uploads\/2020\/10\/Screenshot_20201029_224001_com.google.android.googlequicksearchbox_2-300x254.jpg\" alt=\"Pico del Teide. Humboldt en Tenerife. Gregorios Wanderfamily Tenerife\" class=\"wp-image-830\" width=\"334\" height=\"283\" srcset=\"https:\/\/tenerife-hike-wandern.com\/wp-content\/uploads\/2020\/10\/Screenshot_20201029_224001_com.google.android.googlequicksearchbox_2-300x254.jpg 300w, https:\/\/tenerife-hike-wandern.com\/wp-content\/uploads\/2020\/10\/Screenshot_20201029_224001_com.google.android.googlequicksearchbox_2-1024x868.jpg 1024w, https:\/\/tenerife-hike-wandern.com\/wp-content\/uploads\/2020\/10\/Screenshot_20201029_224001_com.google.android.googlequicksearchbox_2-768x651.jpg 768w, https:\/\/tenerife-hike-wandern.com\/wp-content\/uploads\/2020\/10\/Screenshot_20201029_224001_com.google.android.googlequicksearchbox_2.jpg 1080w\" sizes=\"(max-width: 334px) 100vw, 334px\" \/><figcaption>Pico del Teide. Humboldt en Tenerife. Gregorios Wanderfamily Tenerife<\/figcaption><\/figure>\n<\/div>\n<\/div>\n\n\n\n<h2>Sabin Berthelot y El Teide <\/h2>\n\n\n\n<div class=\"wp-container-22 wp-block-columns\">\n<div class=\"wp-container-20 wp-block-column\">\n<blockquote class=\"wp-block-quote\"><p>\u00abEl panoramaque se extiende ante los ojos de espectador situado en esta cumbre s\u00f3lo puede ser calificado de grandioso; tratar de describirlo de dar una idea exacta de \u00e9l, una tar\u00e9a imposible&#8230;\u00bb<\/p><cite>Le Pic de T\u00e9n\u00e9riffe (Bolletin de la Soci\u00e9t\u00e9 de g\u00e9ographie 1827)<\/cite><\/blockquote>\n<\/div>\n\n\n\n<div class=\"wp-container-21 wp-block-column\">\n<figure class=\"wp-block-image size-medium is-resized\"><img src=\"https:\/\/tenerife-hike-wandern.com\/wp-content\/uploads\/2020\/11\/Fumarolas-Teide.-Gregorios-wanderfamily-Tenerife-300x225.jpg\" alt=\"Rauch am Teide Gipfel. Gregorios wanderfamily Teneriffa\" class=\"wp-image-859\" width=\"364\" height=\"273\" srcset=\"https:\/\/tenerife-hike-wandern.com\/wp-content\/uploads\/2020\/11\/Fumarolas-Teide.-Gregorios-wanderfamily-Tenerife-300x225.jpg 300w, https:\/\/tenerife-hike-wandern.com\/wp-content\/uploads\/2020\/11\/Fumarolas-Teide.-Gregorios-wanderfamily-Tenerife-1024x768.jpg 1024w, https:\/\/tenerife-hike-wandern.com\/wp-content\/uploads\/2020\/11\/Fumarolas-Teide.-Gregorios-wanderfamily-Tenerife-768x576.jpg 768w, https:\/\/tenerife-hike-wandern.com\/wp-content\/uploads\/2020\/11\/Fumarolas-Teide.-Gregorios-wanderfamily-Tenerife-1536x1152.jpg 1536w, https:\/\/tenerife-hike-wandern.com\/wp-content\/uploads\/2020\/11\/Fumarolas-Teide.-Gregorios-wanderfamily-Tenerife-2048x1536.jpg 2048w\" sizes=\"(max-width: 364px) 100vw, 364px\" \/><figcaption> Fumarolas en El Teide. Gregorios wanderfamily Teneriffa<\/figcaption><\/figure>\n<\/div>\n<\/div>\n\n\n\n<h2>Darwin y El Teide<\/h2>\n\n\n\n<div class=\"wp-container-25 wp-block-columns\">\n<div class=\"wp-container-23 wp-block-column\">\n<blockquote class=\"wp-block-quote\"><p>\u00abEl 6 por la tarde entramos en en el puerto de Santa Cruz. Ahora me encuentro medianamente bien y me estaba imaginando el deleite de la fruta fresca que crecen en los hermosos valles y leyendo la descripci\u00f3n de Humboldt de las magn\u00edficas panor\u00e1micas de las islas cuando, quiz\u00e1s puedas suponer nuestra decepci\u00f3n, un hombrecillo p\u00e1lido nos inform\u00f3 que deb\u00edamos guardar una estricta cuarentena de doce d\u00edas. En el barco se hizo un silencio sepulcral&#8230;Durante el d\u00eda estuvimos sin viento&#8230;y aqu\u00ed experiment\u00e9 por primera vez alg\u00fan placer. La panor\u00e1mica era magn\u00edfica. El pico del Teide visto entre las nubes parec\u00eda otro mundo.\u00bb<\/p><cite>Charles Darwin 1832, Autobiograf\u00eda y cartas escogidas<\/cite><\/blockquote>\n\n\n\n<p><\/p>\n<\/div>\n\n\n\n<div class=\"wp-container-24 wp-block-column\">\n<figure class=\"wp-block-image size-medium is-resized\"><img src=\"https:\/\/tenerife-hike-wandern.com\/wp-content\/uploads\/2020\/11\/Charles-T.-Swaine-1893.-Teide-desde-el-mar-en-la-costa-norte-de-Tenerife.-Gregorios-wanderfamily.-300x200.jpg\" alt=\"hiking in Tenerife Wandern Auf Teneriffa Gregorios wanderfamily\" class=\"wp-image-872\" width=\"456\" height=\"304\" srcset=\"https:\/\/tenerife-hike-wandern.com\/wp-content\/uploads\/2020\/11\/Charles-T.-Swaine-1893.-Teide-desde-el-mar-en-la-costa-norte-de-Tenerife.-Gregorios-wanderfamily.-300x200.jpg 300w, https:\/\/tenerife-hike-wandern.com\/wp-content\/uploads\/2020\/11\/Charles-T.-Swaine-1893.-Teide-desde-el-mar-en-la-costa-norte-de-Tenerife.-Gregorios-wanderfamily.-1024x683.jpg 1024w, https:\/\/tenerife-hike-wandern.com\/wp-content\/uploads\/2020\/11\/Charles-T.-Swaine-1893.-Teide-desde-el-mar-en-la-costa-norte-de-Tenerife.-Gregorios-wanderfamily.-768x512.jpg 768w, https:\/\/tenerife-hike-wandern.com\/wp-content\/uploads\/2020\/11\/Charles-T.-Swaine-1893.-Teide-desde-el-mar-en-la-costa-norte-de-Tenerife.-Gregorios-wanderfamily..jpg 1080w\" sizes=\"(max-width: 456px) 100vw, 456px\" \/><figcaption>Charles T. Swaine 1893. Teide desde el mar, en la costa norte de Tenerife. Gregorios wanderfamily.<\/figcaption><\/figure>\n<\/div>\n<\/div>\n","protected":false},"excerpt":{"rendered":"<p>ECHEYDE O TEIDA, DE LOS GUANCHES \u00abIgnoraban que fuesen inmortales las almas, y que hubiese pena y gloria aunque afirmaban cierto haber Infierno, que llamaban Echeyde, y al demonio Guayota; y por el monte Teida y por el Sol, a quien Magec llamaban, juraban con recato y respeto&#8230;\u00bbAntonio de Viana, poeta canario, siglo XVII TEIDE, [&hellip;]<\/p>\n","protected":false},"author":1,"featured_media":543,"comment_status":"open","ping_status":"open","sticky":false,"template":"","format":"standard","meta":[],"categories":[39,35],"tags":[45,44,43,41,42,40],"_links":{"self":[{"href":"https:\/\/tenerife-hike-wandern.com\/index.php?rest_route=\/wp\/v2\/posts\/846"}],"collection":[{"href":"https:\/\/tenerife-hike-wandern.com\/index.php?rest_route=\/wp\/v2\/posts"}],"about":[{"href":"https:\/\/tenerife-hike-wandern.com\/index.php?rest_route=\/wp\/v2\/types\/post"}],"author":[{"embeddable":true,"href":"https:\/\/tenerife-hike-wandern.com\/index.php?rest_route=\/wp\/v2\/users\/1"}],"replies":[{"embeddable":true,"href":"https:\/\/tenerife-hike-wandern.com\/index.php?rest_route=%2Fwp%2Fv2%2Fcomments&post=846"}],"version-history":[{"count":7,"href":"https:\/\/tenerife-hike-wandern.com\/index.php?rest_route=\/wp\/v2\/posts\/846\/revisions"}],"predecessor-version":[{"id":887,"href":"https:\/\/tenerife-hike-wandern.com\/index.php?rest_route=\/wp\/v2\/posts\/846\/revisions\/887"}],"wp:featuredmedia":[{"embeddable":true,"href":"https:\/\/tenerife-hike-wandern.com\/index.php?rest_route=\/wp\/v2\/media\/543"}],"wp:attachment":[{"href":"https:\/\/tenerife-hike-wandern.com\/index.php?rest_route=%2Fwp%2Fv2%2Fmedia&parent=846"}],"wp:term":[{"taxonomy":"category","embeddable":true,"href":"https:\/\/tenerife-hike-wandern.com\/index.php?rest_route=%2Fwp%2Fv2%2Fcategories&post=846"},{"taxonomy":"post_tag","embeddable":true,"href":"https:\/\/tenerife-hike-wandern.com\/index.php?rest_route=%2Fwp%2Fv2%2Ftags&post=846"}],"curies":[{"name":"wp","href":"https:\/\/api.w.org\/{rel}","templated":true}]}}