{"id":838,"date":"2020-11-23T18:47:43","date_gmt":"2020-11-23T18:47:43","guid":{"rendered":"https:\/\/tenerife-hike-wandern.com\/?p=838"},"modified":"2020-11-23T18:47:45","modified_gmt":"2020-11-23T18:47:45","slug":"la-gomera-el-corazon-verde-de-canarias","status":"publish","type":"post","link":"https:\/\/tenerife-hike-wandern.com\/?p=838","title":{"rendered":"LA GOMERA, El coraz\u00f3n verde de Canarias."},"content":{"rendered":"\n<h3> <strong>La Gomera<\/strong>, de barrancos profundos y escarpados, valles f\u00e9rtiles, llenos de palmeras y dragos. D\u00f3nde el campesino, piedra a piedra. Lucha contra la gravedad, escalonando la monta\u00f1a. Bosques, de Laurisilva, que la niebla, humedece. Musgos, l\u00edquenes y helechos, por donde resbala, la gota cristalina de agua. Regalo de las nubes que el viento llev\u00f3, desde el oc\u00e9ano para traer la vida. El murmullo del arroyo, que riega las papas, se entremezcla, con el canto del capirote . Y al otro lado, de la cumbre, se escucha el silbo, de un gomero, que intenta enamorar a la chica de sus sue\u00f1os. Mientras en el acantilado, brama, el Atl\u00e1ntico, golpe\u00e1ndolo, con furia y espuma. Una isla llena de poes\u00eda.<\/h3>\n\n\n\n<h4>LA GOMERA, es sin ninguna duda, una isla, muy interesante. Que a pesar de su cercan\u00eda, a Tenerife, ha sabido, preservar su car\u00e1cter, \u00fanico. Adem\u00e1s de albergar tradiciones ya desaparecidas, en el resto de las islas del archipi\u00e9lago canario. Como dicen, los gomeros, La Gomera, fue la isla, que nunca se rindi\u00f3. La Gomera, es la isla, mas aborigen, mas prehisp\u00e1nica del archipi\u00e9lago canario. Y demostrado, por los estudios de varias universidades, en la gen\u00e9tica de su poblaci\u00f3n. La mayor\u00eda de la poblaci\u00f3n, posee el<strong><a aria-label=\"undefined (abre en una nueva pesta\u00f1a)\" href=\"https:\/\/es.wikipedia.org\/wiki\/Haplogrupos_de_ADN_mitocondrial_humano\" target=\"_blank\" rel=\"noreferrer noopener\"> marcador gen\u00e9tico U6B1,<\/a><\/strong> heredado durante generaciones, por v\u00eda materna. Y evidentemente, los tesoros, culturales, como el silbo gomero. Un lenguaje, silbado, un canal de comunicaci\u00f3n. Donde los gomeros, han conseguido, comunicarse, con sus vecinos a una distancia de hasta 3 kil\u00f3metros, de distancia. <strong><a aria-label=\"undefined (abre en una nueva pesta\u00f1a)\" href=\"https:\/\/en.wikipedia.org\/wiki\/Silbo_Gomero\" target=\"_blank\" rel=\"noreferrer noopener\">El silbo<\/a><\/strong>, y la lanza, que permite, salvar de manera mas eficiente, los riscos, de la monta\u00f1a. No fueron mas que recursos, a los que tuvo que recurrir, el canario, en general, desde la \u00e9poca prehisp\u00e1nica. Para comunicarse y moverse, en un terreno abrupto, c\u00f3mo es La Gomera, y la mayor\u00eda de las Islas Canarias. Pero solo, en La Gomera, el silbo, sobrevivi\u00f3. Una isla, que ha sufrido, mucho, durante su historia. Una isla, que fue durante mucho tiempo pobre, que no recibi\u00f3, inmigraci\u00f3n. Pero si fue emisor de  poblaci\u00f3n. Como todas las islas Canarias. Emigrar como \u00fanica posibilidad, de salir adelante, de conseguir una vida mejor. Cuba, luego Venezuela fueron los destinos, preferentes de<strong><a aria-label=\"undefined (abre en una nueva pesta\u00f1a)\" href=\"https:\/\/es.wikipedia.org\/wiki\/Pueblo_canario\" target=\"_blank\" rel=\"noreferrer noopener\"> la di\u00e1spora del pueblo canario.<\/a><\/strong> Por ejemplo, el padre de Nicol\u00e1s Maduro, actual presidente, de Venezuela, proceden de La Gomera. Uno mas, de tantos que en Latinoam\u00e9rica, tienen ra\u00edces en Las Islas Canarias. <\/h4>\n\n\n\n<div class=\"wp-container-4 wp-block-columns\">\n<div class=\"wp-container-1 wp-block-column\">\n<figure class=\"wp-block-image size-large is-resized\"><img src=\"https:\/\/tenerife-hike-wandern.com\/wp-content\/uploads\/2020\/09\/Screenshot_20200928_191957_com.google.android.googlequicksearchbox.jpg\" alt=\"Canarios emigrando a Venezuela. Gregorios wanderfamily Tenerife\" class=\"wp-image-734\" width=\"300\" height=\"254\" srcset=\"https:\/\/tenerife-hike-wandern.com\/wp-content\/uploads\/2020\/09\/Screenshot_20200928_191957_com.google.android.googlequicksearchbox.jpg 941w, https:\/\/tenerife-hike-wandern.com\/wp-content\/uploads\/2020\/09\/Screenshot_20200928_191957_com.google.android.googlequicksearchbox-300x254.jpg 300w, https:\/\/tenerife-hike-wandern.com\/wp-content\/uploads\/2020\/09\/Screenshot_20200928_191957_com.google.android.googlequicksearchbox-768x650.jpg 768w\" sizes=\"(max-width: 300px) 100vw, 300px\" \/><figcaption>Canarios emigrando a Venezuela. Gregorios wanderfamily Tenerife<\/figcaption><\/figure>\n<\/div>\n\n\n\n<div class=\"wp-container-2 wp-block-column\">\n<figure class=\"wp-block-image size-large is-resized\"><img src=\"https:\/\/tenerife-hike-wandern.com\/wp-content\/uploads\/2020\/11\/Screenshot_20201031_155503_com.google.android.googlequicksearchbox-1-e1606152064508.jpg\" alt=\"Silbo de La Gomera. Gregorios wanderfamily\" class=\"wp-image-889\" width=\"251\" height=\"360\" srcset=\"https:\/\/tenerife-hike-wandern.com\/wp-content\/uploads\/2020\/11\/Screenshot_20201031_155503_com.google.android.googlequicksearchbox-1-e1606152064508.jpg 337w, https:\/\/tenerife-hike-wandern.com\/wp-content\/uploads\/2020\/11\/Screenshot_20201031_155503_com.google.android.googlequicksearchbox-1-e1606152064508-209x300.jpg 209w\" sizes=\"(max-width: 251px) 100vw, 251px\" \/><figcaption>Silbo de La Gomera. Gregorios wanderfamily<\/figcaption><\/figure>\n<\/div>\n\n\n\n<div class=\"wp-container-3 wp-block-column\">\n<figure class=\"wp-block-image size-large is-resized\"><img src=\"https:\/\/tenerife-hike-wandern.com\/wp-content\/uploads\/2020\/11\/Screenshot_20201031_161735_com.google.android.googlequicksearchbox-749x1024.jpg\" alt=\"Subiendo la palmera, para obtener el guarapo. Gregorios wanderfamily.\" class=\"wp-image-890\" width=\"239\" height=\"327\" srcset=\"https:\/\/tenerife-hike-wandern.com\/wp-content\/uploads\/2020\/11\/Screenshot_20201031_161735_com.google.android.googlequicksearchbox-749x1024.jpg 749w, https:\/\/tenerife-hike-wandern.com\/wp-content\/uploads\/2020\/11\/Screenshot_20201031_161735_com.google.android.googlequicksearchbox-220x300.jpg 220w, https:\/\/tenerife-hike-wandern.com\/wp-content\/uploads\/2020\/11\/Screenshot_20201031_161735_com.google.android.googlequicksearchbox-768x1050.jpg 768w, https:\/\/tenerife-hike-wandern.com\/wp-content\/uploads\/2020\/11\/Screenshot_20201031_161735_com.google.android.googlequicksearchbox.jpg 1080w\" sizes=\"(max-width: 239px) 100vw, 239px\" \/><figcaption>Subiendo la palmera, para obtener el guarapo. Gregorios wanderfamily.<\/figcaption><\/figure>\n<\/div>\n<\/div>\n\n\n\n<!--more-->\n\n\n\n<h2>La Gomera. Gara y Jonay, una historia de amor.<\/h2>\n\n\n\n<h4>Dice la leyenda, que en La Gomera, hubo una vez, hace mucho tiempo&#8230;<\/h4>\n\n\n\n<p>  En tiempos de los abor\u00edgenes, un joven de Tenerife, fue nadando hasta <strong>La Gomera<\/strong>, con ubres llenos de aire atados, a su cintura. Ten\u00eda el presentimiento de que, algo, o alguien les esperaba, en esa isla. Una fuerza desconocida lo llevaba a esa isla, que el ve\u00eda desde Tenerife. All\u00ed en La Gomera, le esperaba el destino, que el desconoc\u00eda. Gara una princesa, de la Gomera, dicen que del valle de <strong>Agulo<\/strong>. Tambi\u00e9n sinti\u00f3, que algo, la llev\u00f3 a una playa, esa ma\u00f1ana. La misma ma\u00f1ana, la misma playa, cuando y donde lleg\u00f3 exhausto, Jonay .  En un instante eterno sintieron, y entendieron, que es el amor. En aquella playa de arena negra, donde reventaban las olas furiosamente. Y all\u00ed entre espuma y arena, sucedi\u00f3, los dos,  se encontraron. Ella estaba prometida, a un pr\u00edncipe de otro valle. Una uni\u00f3n, para firmar quiz\u00e1s una paz, por intereses de los dos reinos. Era una boda  pactada y negociada, entre dos familias, entre dos reinos. Y fueron descubiertos, all\u00ed en la playa. Y ella sabiendo, que esto, solo, conducir\u00eda irremediablemente, a la separaci\u00f3n de ambos. Gara ser\u00eda castigada, pero su gran temor ser\u00eda, que le hicieran algo horrible a Jonay. Un extra\u00f1o de otra isla que hab\u00eda venido, a La  Gomera. Y hab\u00eda osado, acercarse a la princesa. Ella le cogi\u00f3 de la mano. Y lo gu\u00edo hasta los altos de la isla. Y all\u00ed en lo profundo, del bosque, con la vista, del atl\u00e1ntico y <strong>el Teide<\/strong>. Y ante el griter\u00edo del gent\u00edo que se acercaba, a separarlos. Decidieron suicidarse, uniendo sus corazones para siempre, con una vara afilada. Y dicen, algunos, dicen que a veces, se pueden o\u00edr, gemidos, y palabras de amor, en aquella, lengua entremezclados, con el sonido del viento. En los altos de La Gomera. En lo mas profundo del<strong> Bosque del Cedro<\/strong>. Y desde entonces, la monta\u00f1a, mas alta, de La Gomera, se  llama<strong> El Garajonay<\/strong><\/p>\n\n\n\n<div class=\"wp-container-7 wp-block-columns\">\n<div class=\"wp-container-5 wp-block-column\">\n<figure class=\"wp-block-embed-youtube wp-block-embed is-type-video is-provider-youtube wp-embed-aspect-16-9 wp-has-aspect-ratio\"><div class=\"wp-block-embed__wrapper\">\n<p class=\"responsive-video-wrap clr\"><iframe title=\"El Silbo Gomero\" width=\"1200\" height=\"675\" src=\"https:\/\/www.youtube.com\/embed\/UTtaKWnLqkY?feature=oembed\" frameborder=\"0\" allow=\"accelerometer; autoplay; clipboard-write; encrypted-media; gyroscope; picture-in-picture\" allowfullscreen><\/iframe><\/p>\n<\/div><\/figure>\n<\/div>\n\n\n\n<div class=\"wp-container-6 wp-block-column\">\n<figure class=\"wp-block-embed-youtube wp-block-embed is-type-video is-provider-youtube wp-embed-aspect-16-9 wp-has-aspect-ratio\"><div class=\"wp-block-embed__wrapper\">\n<p class=\"responsive-video-wrap clr\"><iframe title=\"Parque Nacional de Garajonay (La Gomera) ? La Selva de Canarias\" width=\"1200\" height=\"675\" src=\"https:\/\/www.youtube.com\/embed\/SwC7iIirjXw?feature=oembed\" frameborder=\"0\" allow=\"accelerometer; autoplay; clipboard-write; encrypted-media; gyroscope; picture-in-picture\" allowfullscreen><\/iframe><\/p>\n<\/div><\/figure>\n\n\n\n<p><\/p>\n<\/div>\n<\/div>\n\n\n\n<h2>la Gomera, Garajonay<\/h2>\n\n\n\n<h4> Quiz\u00e1s, la realidad, sea otra. Y Garajonay, venga del idioma aborigen, y signifique roque alto. <\/h4>\n\n\n\n<p>       Y porque no, Gara es roque y Jonay el viento, el alisio, que trae las nubes del Atl\u00e1ntico. Porque este si que es un acto de amor. En los altos de La Gomera, la nube se derrama, en cascada. Y dejando como regalos, un universo infinito, De peque\u00f1as, gotas de agua. Suspendidas, en las ramas, hojas de los \u00e1rboles. L\u00edquenes, musgos, helechos, brezos, todos brillan. Cuando los rayos del Sol se introducen, en  el interior del bosque. Y en la penumbra se iluminan  las cristalinas y diminutas esferas, de agua. Que terminar\u00e1n precipit\u00e1ndose, y humedeciendo la tierra. Gotas, que son el sustento, del bosque. Luego fluir\u00e1n, entre ra\u00edces, hasta la roca de basalto, despu\u00e9s el barranco. Y alimentar\u00e1, a la fuente y el riachuelo. Que llegar\u00e1 al drago y el palmeral. Y que el campesino, llevar\u00e1, por la tarjea, hasta su pedazo de tierra. Su terraza. Y all\u00ed regar\u00e1, sus papas y sus batatas. A m\u00ed esto, tambi\u00e9n me parece una historia de amor.<\/p>\n\n\n\n<div class=\"wp-container-10 wp-block-columns\">\n<div class=\"wp-container-8 wp-block-column\">\n<figure class=\"wp-block-embed-youtube wp-block-embed is-type-video is-provider-youtube wp-embed-aspect-16-9 wp-has-aspect-ratio\"><div class=\"wp-block-embed__wrapper\">\n<p class=\"responsive-video-wrap clr\"><iframe title=\"La Gomera, Garajonay, Islas Canarias\" width=\"1200\" height=\"675\" src=\"https:\/\/www.youtube.com\/embed\/gorv56HAc3o?feature=oembed\" frameborder=\"0\" allow=\"accelerometer; autoplay; clipboard-write; encrypted-media; gyroscope; picture-in-picture\" allowfullscreen><\/iframe><\/p>\n<\/div><\/figure>\n<\/div>\n\n\n\n<div class=\"wp-container-9 wp-block-column\">\n<figure class=\"wp-block-embed-youtube wp-block-embed is-type-video is-provider-youtube wp-embed-aspect-16-9 wp-has-aspect-ratio\"><div class=\"wp-block-embed__wrapper\">\n<p class=\"responsive-video-wrap clr\"><iframe title=\"GARA Y JONAY\" width=\"1200\" height=\"675\" src=\"https:\/\/www.youtube.com\/embed\/hxaRshmO9Kk?feature=oembed\" frameborder=\"0\" allow=\"accelerometer; autoplay; clipboard-write; encrypted-media; gyroscope; picture-in-picture\" allowfullscreen><\/iframe><\/p>\n<\/div><\/figure>\n<\/div>\n<\/div>\n\n\n\n<p><\/p>\n","protected":false},"excerpt":{"rendered":"<p>La Gomera, de barrancos profundos y escarpados, valles f\u00e9rtiles, llenos de palmeras y dragos. D\u00f3nde el campesino, piedra a piedra. Lucha contra la gravedad, escalonando la monta\u00f1a. Bosques, de Laurisilva, que la niebla, humedece. Musgos, l\u00edquenes y helechos, por donde resbala, la gota cristalina de agua. Regalo de las nubes que el viento llev\u00f3, desde [&hellip;]<\/p>\n","protected":false},"author":1,"featured_media":889,"comment_status":"open","ping_status":"open","sticky":false,"template":"","format":"standard","meta":[],"categories":[35],"tags":[51,52],"_links":{"self":[{"href":"https:\/\/tenerife-hike-wandern.com\/index.php?rest_route=\/wp\/v2\/posts\/838"}],"collection":[{"href":"https:\/\/tenerife-hike-wandern.com\/index.php?rest_route=\/wp\/v2\/posts"}],"about":[{"href":"https:\/\/tenerife-hike-wandern.com\/index.php?rest_route=\/wp\/v2\/types\/post"}],"author":[{"embeddable":true,"href":"https:\/\/tenerife-hike-wandern.com\/index.php?rest_route=\/wp\/v2\/users\/1"}],"replies":[{"embeddable":true,"href":"https:\/\/tenerife-hike-wandern.com\/index.php?rest_route=%2Fwp%2Fv2%2Fcomments&post=838"}],"version-history":[{"count":6,"href":"https:\/\/tenerife-hike-wandern.com\/index.php?rest_route=\/wp\/v2\/posts\/838\/revisions"}],"predecessor-version":[{"id":896,"href":"https:\/\/tenerife-hike-wandern.com\/index.php?rest_route=\/wp\/v2\/posts\/838\/revisions\/896"}],"wp:featuredmedia":[{"embeddable":true,"href":"https:\/\/tenerife-hike-wandern.com\/index.php?rest_route=\/wp\/v2\/media\/889"}],"wp:attachment":[{"href":"https:\/\/tenerife-hike-wandern.com\/index.php?rest_route=%2Fwp%2Fv2%2Fmedia&parent=838"}],"wp:term":[{"taxonomy":"category","embeddable":true,"href":"https:\/\/tenerife-hike-wandern.com\/index.php?rest_route=%2Fwp%2Fv2%2Fcategories&post=838"},{"taxonomy":"post_tag","embeddable":true,"href":"https:\/\/tenerife-hike-wandern.com\/index.php?rest_route=%2Fwp%2Fv2%2Ftags&post=838"}],"curies":[{"name":"wp","href":"https:\/\/api.w.org\/{rel}","templated":true}]}}