{"id":733,"date":"2020-09-30T18:40:12","date_gmt":"2020-09-30T18:40:12","guid":{"rendered":"https:\/\/tenerife-hike-wandern.com\/?p=733"},"modified":"2020-09-30T18:41:28","modified_gmt":"2020-09-30T18:41:28","slug":"los-alisios-los-vientos-del-oceano","status":"publish","type":"post","link":"https:\/\/tenerife-hike-wandern.com\/?p=733","title":{"rendered":"LOS ALISIOS, LOS VIENTOS DEL OCEANO"},"content":{"rendered":"\t\t<div data-elementor-type=\"wp-post\" data-elementor-id=\"733\" class=\"elementor elementor-733\" data-elementor-settings=\"[]\">\n\t\t\t\t\t\t<div class=\"elementor-inner\">\n\t\t\t\t\t\t\t<div class=\"elementor-section-wrap\">\n\t\t\t\t\t\t\t<section class=\"elementor-section elementor-top-section elementor-element elementor-element-5bb31f7c elementor-section-boxed elementor-section-height-default elementor-section-height-default\" data-id=\"5bb31f7c\" data-element_type=\"section\">\n\t\t\t\t\t\t<div class=\"elementor-container elementor-column-gap-default\">\n\t\t\t\t\t\t\t<div class=\"elementor-row\">\n\t\t\t\t\t<div class=\"elementor-column elementor-col-100 elementor-top-column elementor-element elementor-element-555f93b3\" data-id=\"555f93b3\" data-element_type=\"column\">\n\t\t\t<div class=\"elementor-column-wrap elementor-element-populated\">\n\t\t\t\t\t\t\t<div class=\"elementor-widget-wrap\">\n\t\t\t\t\t\t<div class=\"elementor-element elementor-element-38a2ebfc elementor-widget elementor-widget-text-editor\" data-id=\"38a2ebfc\" data-element_type=\"widget\" data-widget_type=\"text-editor.default\">\n\t\t\t\t<div class=\"elementor-widget-container\">\n\t\t\t\t\t\t\t\t<div class=\"elementor-text-editor elementor-clearfix\">\n\t\t\t\t<p><!-- wp:image {\"align\":\"center\",\"id\":730,\"width\":598,\"height\":572,\"sizeSlug\":\"large\"} --><\/p>\n<div class=\"wp-block-image\">\n<figure class=\"aligncenter size-large is-resized\"><img class=\"wp-image-730\" src=\"https:\/\/tenerife-hike-wandern.com\/wp-content\/uploads\/2020\/09\/Passat-Wind-kanarischen-Inseln.-Gregorios-wanderfamily-Teneriffa.jpg\" alt=\"Trade wind, Alisios. Gregorios wanderfamily Tenerife\" width=\"598\" height=\"572\" \/>\n<p>\u00a0<\/p>\n<figcaption>Trade wind, Alisios. Gregorios wanderfamily Tenerife<\/figcaption>\n<\/figure>\n<\/div>\n<p><!-- \/wp:image --><\/p>\n<p><!-- wp:heading --><\/p>\n<h2>LOS ALISIOS, LOS VIENTOS DEL OCEANO.<\/h2>\n<p><!-- \/wp:heading --><\/p>\n<p><!-- wp:paragraph --><\/p>\n<p>Sin duda alguna, los Alisios, es uno de los factores, que mas marcan la singularidad, de las Islas Canarias. Estos vientos, de gran importancia, en la dinamica general de nuestro planeta. Que alimentan, las borrascas subpolares, con el aire caliente, de los tropicos, y con el aire fresco, del atlantico, de las zonas templadas, las borrascas tropicales. Adem\u00e0s de todo esto, tambien fu\u00e8 el viento, que llevo, los barcos, de vela, primero a Canarias y luego a Am\u00e8rica. Este el viento que hinch\u00f2 las velas, de los barcos de Cristobal Colon, en su viaje de descubrimiento del continente americano, en 1492, por parte de los europeos. A Magallanes, y Elcano, en la primera, circunvalaci\u00f2n de la Tierra, y que demostrar\u00eca para siempre, de que nuestro planeta es una esfera. El mismo viento, que llevo a aventureros, exploradores, cientificos.. Tomas Cook, Darwin, Humboldt&#8230; Sin ninguna duda, este viento, se ha convertido, es uno de los fen\u00f2menos naturales mas importante, en el devenir del Ser Humano, y en la historia de occidente.https:\/\/ast.wikipedia.org\/wiki\/Vientos_alisios\u00a0<\/p>\n<p><!-- \/wp:paragraph --><\/p>\n<p><!-- wp:image {\"align\":\"center\",\"id\":734,\"width\":459,\"height\":354,\"sizeSlug\":\"large\"} --><\/p>\n<div class=\"wp-block-image\">\n<figure class=\"aligncenter size-large is-resized\"><img class=\"wp-image-734\" src=\"https:\/\/tenerife-hike-wandern.com\/wp-content\/uploads\/2020\/09\/Screenshot_20200928_191957_com.google.android.googlequicksearchbox.jpg\" alt=\"Canarios emigrando a Venezuela. Gregorios wanderfamily Tenerife\" width=\"459\" height=\"354\" \/>\n<p>\u00a0<\/p>\n<figcaption>Canarios emigrando a Venezuela. Gregorios wanderfamily Tenerife<\/figcaption>\n<\/figure>\n<\/div>\n<p><!-- \/wp:image --><\/p>\n<p><!-- wp:heading --><\/p>\n<h2>LOS ALISIOS, LOS VIENTOS DEL OCEANO<\/h2>\n<p><!-- \/wp:heading --><\/p>\n<p><!-- wp:paragraph --><\/p>\n<p>EL mismo viento, que llev\u00f2 a muchos canarios, al continente, americano. El viento que los llev\u00f2, a Puerto Rico, Uruguay, Cuba, Venezuela, sobre todo. Y es que son estos pa\u00ecses donde mas se nota, la npresencia canaria, en los apellidos, en el habla. Se podr\u00eca, hablar, de paises hermanos, al otro lado, del Oceano Atlantico. Cuantos canarios, fueron buscando una vida mejor, mas alla del faro de la Restinga, en El Hierro. Fu\u00e8, tan grande, la emigraci\u00f2n, que se podr\u00eca decir, que igual que lo dicen los irlandeses. Hay mas descendientes, de los antiguos canarios, en America, que en als mismas, Islas Canarias. Todo, canario, tiene mas parientes, de la \u00e8poca de sus abuelos, o bisabuelos, en Cuba o Venezuela, que en su propia isla. La conexi\u00f3n Canarias Am\u00e9rica, a trav\u00e9s del oc\u00e9ano, gracias, a los Alisios, es parte de la colunna vertebral, de nuestro ser. No se puede entender la historia de las Islas. Captar, su ser, su esencia, su alma. Sin el factor americano, y sobre todo, americano, caribe\u00f1o. Somos todos los canarios, tambien americanos. Somos de Cuba, como mi abuelo, y venezolanos, como los tios de mi padre. La Venezuela, a la que emigraron, o la que casi, o que no se fue, porque no se consegui\u00f3 el dinero para ir. Pero que siempre fue la otra Canarias, del otro lado del oce\u00e1no. Al que nos llevaban los vientos. https:\/\/es.wikipedia.org\/wiki\/Pueblo_canario<\/p>\n<p><!-- \/wp:paragraph --><\/p>\n<p><!-- wp:image {\"align\":\"center\",\"id\":735,\"width\":566,\"height\":532,\"sizeSlug\":\"large\"} --><\/p>\n<div class=\"wp-block-image\">\n<figure class=\"aligncenter size-large is-resized\"><img class=\"wp-image-735\" src=\"https:\/\/tenerife-hike-wandern.com\/wp-content\/uploads\/2020\/09\/rocio-3-1024x1012.jpg\" alt=\" Water drops in Anaga forest.hiking in Tenerife Wandern Auf Teneriffa Gregorios wanderfamily\" width=\"566\" height=\"532\" \/>\n<p>\u00a0<\/p>\n<figcaption>Water drops in Anaga forest. Hiking in Tenerife Wandern Auf Teneriffa Gregorios wanderfamily.\u00a0<\/figcaption>\n<\/figure>\n<\/div>\n<p><!-- \/wp:image --><\/p>\n<p><!-- wp:heading --><\/p>\n<h2>LOS ALISIOS, LOS VIENTOS DE LA VIDA<\/h2>\n<p><!-- \/wp:heading --><\/p>\n<p><!-- wp:heading --><\/p>\n<h2>Los vientos del oc\u00e9ano, que llevan la vida, a las islas atl\u00e1nticas<\/h2>\n<p><!-- \/wp:heading --><\/p>\n<p><!-- wp:paragraph --><\/p>\n<p>Los vientos, del oc\u00e9ano, que tras sus miles, de kil\u00f3metrso, sobre el mar, se van mojando, humedeciendo. Y tr\u00e1s, su largo camino sobre las olas. Llegan a las islas, refresc\u00e1ndolas. Y en las de mayor relieve, creando nieblas, en la vertiente, noreste. Esta niebla, estas microparticulas, de agua, son atrapadas, por als hojas, del bosque, verde. Helechos, brezos, musgos, laureles, todos , reciben su man\u00e1, en forma de gotas de agua. El alisio, este viento, de gran importancia a nivel planetario. En Canarias se vuelve, simlememte, vital. No habria, agua dulce, no habria vegetaci\u00f3n, no habr\u00eda casi vida. El alisios, que nos trajo, el alisio, que nos refresc\u00f3, el alisio, que nos quit\u00f3 la sed, que nos di\u00f3 verde, sustento, el alisio que nos llev\u00f3 a Am\u00e9rica. El alisio, que molde\u00f3 nuestra alma.https:\/\/ast.wikipedia.org\/wiki\/Vientos_alisios<\/p>\n<p><!-- \/wp:paragraph --><\/p>\n<p><!-- wp:image {\"align\":\"center\",\"id\":736,\"width\":233,\"height\":500,\"sizeSlug\":\"medium\"} --><\/p>\n<div class=\"wp-block-image\">\n<figure class=\"aligncenter size-medium is-resized\"><img class=\"wp-image-736\" src=\"https:\/\/tenerife-hike-wandern.com\/wp-content\/uploads\/2020\/09\/El-Viento-Puerto-de-la-Cruz-Tenerife.-Gregorios-wanderfamily-139x300.jpg\" alt=\"El viento. The wind, Canary Islands. Gregorios wanderfamily. hiking in Tenerife\" width=\"233\" height=\"500\" srcset=\"https:\/\/tenerife-hike-wandern.com\/wp-content\/uploads\/2020\/09\/El-Viento-Puerto-de-la-Cruz-Tenerife.-Gregorios-wanderfamily-476x1024.jpg 476w, https:\/\/tenerife-hike-wandern.com\/wp-content\/uploads\/2020\/09\/El-Viento-Puerto-de-la-Cruz-Tenerife.-Gregorios-wanderfamily.jpg 566w\" sizes=\"(max-width: 233px) 100vw, 233px\" \/>\n<p>\u00a0<\/p>\n<figcaption>El viento. The wind, Canary Islands. Gregorios wanderfamily. hiking in Tenerife<\/figcaption>\n<\/figure>\n<\/div>\n<p><!-- \/wp:image --><\/p>\t\t\t\t\t<\/div>\n\t\t\t\t\t\t<\/div>\n\t\t\t\t<\/div>\n\t\t\t\t<div class=\"elementor-element elementor-element-d910c20 elementor-widget elementor-widget-text-editor\" data-id=\"d910c20\" data-element_type=\"widget\" data-widget_type=\"text-editor.default\">\n\t\t\t\t<div class=\"elementor-widget-container\">\n\t\t\t\t\t\t\t\t<div class=\"elementor-text-editor elementor-clearfix\">\n\t\t\t\t<!-- wp:heading -->\n<h2>Ver estrellas, en el Teide. Una experiencia, inolvidable.<\/h2>\n<!-- \/wp:heading -->\n\n<!-- wp:paragraph -->\n<p>   El parque nacional del Teide, es sin lugar a dudas, uno de los mejores, lugares en el mundo, para ver las estrellas. La calidad de su cielo, su sequedad, debido a su gran altitud ( 2000m. de altura) El hecho de ser unas islas oceanicas, le da la necesaria oscuridad. para, poder mejor estrellas. Ya,  Viera y Clavijo, en su \u00abNoticias de la historia de las islas Canarias\u00bb o el brit\u00e1nico, George Glas, en su \u00bb Description of the Canary Islands\u00bb ambas obras del siglo XVIII. Alababan las virtudes del cielo del Teide, para la observaci\u00f3n <a href=\"https:\/\/es.wikipedia.org\/wiki\/Charles_Piazzi_Smyth\">astr\u00f3nomica<\/a>. A mediados, del siglo XIX, Charles Piazzi Smith   https:\/\/es.wikipedia.org\/wiki\/Charles_Piazzi_Smyth      , ayudado, de lugare\u00f1os, y 20 mulas, subi\u00f3, primero al Guajara ( 2715m) y luego a Altavista (3280m)en el Teide, subio un gran teleferico. Gracias a las observaciones, alli realizadas, la astronom\u00eca, dio, un salto, de calidad. y posteriormente, otros, astr\u00f2nomos influenciados, por las aportaciones, de Piazzi Smith, llamaron a un monte de la Luna, monte de Tenerife. En recuerdo, de las observaciones hechas en el volcan, Teide.<\/p>\n<!-- \/wp:paragraph -->\n\n<!-- wp:image {\"id\":596,\"width\":728,\"height\":728,\"sizeSlug\":\"large\"} -->\n<figure class=\"wp-block-image size-large is-resized\"><img src=\"https:\/\/tenerife-hike-wandern.com\/wp-content\/uploads\/2020\/08\/ESTRELLAS-TEIDE-TAJINASTE-JAVI.jpg\" alt=\" Estrellas en el Teide, Teide and stars, hiking in Tenerife Wandern Auf Teneriffa Gregorios wanderfamily\" class=\"wp-image-596\" width=\"728\" height=\"728\" srcset=\"https:\/\/tenerife-hike-wandern.com\/wp-content\/uploads\/2020\/08\/ESTRELLAS-TEIDE-TAJINASTE-JAVI.jpg 640w, https:\/\/tenerife-hike-wandern.com\/wp-content\/uploads\/2020\/08\/ESTRELLAS-TEIDE-TAJINASTE-JAVI-300x300.jpg 300w, https:\/\/tenerife-hike-wandern.com\/wp-content\/uploads\/2020\/08\/ESTRELLAS-TEIDE-TAJINASTE-JAVI-150x150.jpg 150w\" sizes=\"(max-width: 728px) 100vw, 728px\" \/><figcaption> Estrellas en el Teide, Teide and stars, hiking in Tenerife Wandern Auf Teneriffa Gregorios wanderfamily<\/figcaption><\/figure>\n<!-- \/wp:image -->\n\n<!-- wp:heading -->\n<h2>VER LAS ESTRELLAS EN EL TEIDE, mientras caminas, es una experiencia unica.<\/h2>\n<!-- \/wp:heading -->\n\n<!-- wp:paragraph -->\n<p>  Hacer senderismo, en el Teide, siempre, es siempre una experiencia ,unica . Pero hacerlo por la noche, es magico. Caminar, una noche de Luna, llena, donde pareciera, que la pudieras tocar. Y no nececitas frontal, de la luz que refleja, nuestro satelite natural, y el paisje lunar del Teide, se nos convierte, en mas lunar aun. Solo falta, el apolo XI, y ver de repente, tras unas piedras a los astronautas saltando. Pero, lo verdaderamente, impresionante, y \u00f9nico, es una noche sin luna. Caminar, bajos las estrellas, es sobrecogedor, miles, de estrellas, se derraman por el firmamento. La Via Lactea, se convierte en el espinazo de la noche, como se decia el gran Carl Sagan.https:\/\/www.youtube.com\/watch?v=XabtxHu3H1A<\/p>\n<!-- \/wp:paragraph -->\n\n<!-- wp:image {\"id\":715,\"sizeSlug\":\"large\"} -->\n<figure class=\"wp-block-image size-large\"><img width=\"1024\" height=\"1021\" src=\"https:\/\/tenerife-hike-wandern.com\/wp-content\/uploads\/2020\/09\/teide-via-lactea-comprimida-1024x1021.jpg\" alt=\"Bajo la Via Lactea, Under of Milky Way. Teide and stars, Teide y estrellas. Gregorios wanderfamily Tenerife. Hiking in Tenerife\" class=\"wp-image-715\" srcset=\"https:\/\/tenerife-hike-wandern.com\/wp-content\/uploads\/2020\/09\/teide-via-lactea-comprimida-1024x1021.jpg 1024w, https:\/\/tenerife-hike-wandern.com\/wp-content\/uploads\/2020\/09\/teide-via-lactea-comprimida-300x300.jpg 300w, https:\/\/tenerife-hike-wandern.com\/wp-content\/uploads\/2020\/09\/teide-via-lactea-comprimida-150x150.jpg 150w, https:\/\/tenerife-hike-wandern.com\/wp-content\/uploads\/2020\/09\/teide-via-lactea-comprimida-768x766.jpg 768w, https:\/\/tenerife-hike-wandern.com\/wp-content\/uploads\/2020\/09\/teide-via-lactea-comprimida.jpg 1080w\" sizes=\"(max-width: 1024px) 100vw, 1024px\" \/><figcaption>Bajo la Via Lactea, Under Milky Way. Teide and stars, Teide y estrellas. Gregorios wanderfamily Tenerife. Hiking in Tenerife<\/figcaption><\/figure>\n<!-- \/wp:image -->\n\n<!-- wp:heading -->\n<h2>TEIDE, CAMINANDO BAJO LAS ESTRELLA. En el volcan Teide, en Tenerife, Canarias, una isla en el oceano Atlantico, de ese palido punto azul, llamado Tierra<\/h2>\n<!-- \/wp:heading -->\n\n<!-- wp:paragraph -->\n<p>  Ese palido punto azul, perdido en la inmensidad, del universo. En la Via Lactea. En el brazo de Orion, dado vueltas alrededor de su estrella , el Sol. Y desplazandose con ella, alrededor del centro de la galaxia. Y a la vez esta, hacia la galaxia Andr\u00f2meda&#8230;As\u00ec siempre, viajando a toda velocidad, por el espacio tiempo, del cosmos.https:\/\/www.youtube.com\/watch?v=vK4g_7mGywc<\/p>\n<!-- \/wp:paragraph -->\t\t\t\t\t<\/div>\n\t\t\t\t\t\t<\/div>\n\t\t\t\t<\/div>\n\t\t\t\t<div class=\"elementor-element elementor-element-fc74317 elementor-widget elementor-widget-text-editor\" data-id=\"fc74317\" data-element_type=\"widget\" data-widget_type=\"text-editor.default\">\n\t\t\t\t<div class=\"elementor-widget-container\">\n\t\t\t\t\t\t\t\t<div class=\"elementor-text-editor elementor-clearfix\">\n\t\t\t\t<!-- wp:heading -->\n<h2>Ver estrellas, en el Teide. Una experiencia, inolvidable.<\/h2>\n<!-- \/wp:heading -->\n\n<!-- wp:paragraph -->\n<p>   El parque nacional del Teide, es sin lugar a dudas, uno de los mejores, lugares en el mundo, para ver las estrellas. La calidad de su cielo, su sequedad, debido a su gran altitud ( 2000m. de altura) El hecho de ser unas islas oceanicas, le da la necesaria oscuridad. para, poder mejor estrellas. Ya,  Viera y Clavijo, en su \u00abNoticias de la historia de las islas Canarias\u00bb o el brit\u00e1nico, George Glas, en su \u00bb Description of the Canary Islands\u00bb ambas obras del siglo XVIII. Alababan las virtudes del cielo del Teide, para la observaci\u00f3n <a href=\"https:\/\/es.wikipedia.org\/wiki\/Charles_Piazzi_Smyth\">astr\u00f3nomica<\/a>. A mediados, del siglo XIX, Charles Piazzi Smith   https:\/\/es.wikipedia.org\/wiki\/Charles_Piazzi_Smyth      , ayudado, de lugare\u00f1os, y 20 mulas, subi\u00f3, primero al Guajara ( 2715m) y luego a Altavista (3280m)en el Teide, subio un gran teleferico. Gracias a las observaciones, alli realizadas, la astronom\u00eca, dio, un salto, de calidad. y posteriormente, otros, astr\u00f2nomos influenciados, por las aportaciones, de Piazzi Smith, llamaron a un monte de la Luna, monte de Tenerife. En recuerdo, de las observaciones hechas en el volcan, Teide.<\/p>\n<!-- \/wp:paragraph -->\n\n<!-- wp:image {\"id\":596,\"width\":728,\"height\":728,\"sizeSlug\":\"large\"} -->\n<figure class=\"wp-block-image size-large is-resized\"><img src=\"https:\/\/tenerife-hike-wandern.com\/wp-content\/uploads\/2020\/08\/ESTRELLAS-TEIDE-TAJINASTE-JAVI.jpg\" alt=\" Estrellas en el Teide, Teide and stars, hiking in Tenerife Wandern Auf Teneriffa Gregorios wanderfamily\" class=\"wp-image-596\" width=\"728\" height=\"728\" srcset=\"https:\/\/tenerife-hike-wandern.com\/wp-content\/uploads\/2020\/08\/ESTRELLAS-TEIDE-TAJINASTE-JAVI.jpg 640w, https:\/\/tenerife-hike-wandern.com\/wp-content\/uploads\/2020\/08\/ESTRELLAS-TEIDE-TAJINASTE-JAVI-300x300.jpg 300w, https:\/\/tenerife-hike-wandern.com\/wp-content\/uploads\/2020\/08\/ESTRELLAS-TEIDE-TAJINASTE-JAVI-150x150.jpg 150w\" sizes=\"(max-width: 728px) 100vw, 728px\" \/><figcaption> Estrellas en el Teide, Teide and stars, hiking in Tenerife Wandern Auf Teneriffa Gregorios wanderfamily<\/figcaption><\/figure>\n<!-- \/wp:image -->\n\n<!-- wp:heading -->\n<h2>VER LAS ESTRELLAS EN EL TEIDE, mientras caminas, es una experiencia unica.<\/h2>\n<!-- \/wp:heading -->\n\n<!-- wp:paragraph -->\n<p>  Hacer senderismo, en el Teide, siempre, es siempre una experiencia ,unica . Pero hacerlo por la noche, es magico. Caminar, una noche de Luna, llena, donde pareciera, que la pudieras tocar. Y no nececitas frontal, de la luz que refleja, nuestro satelite natural, y el paisje lunar del Teide, se nos convierte, en mas lunar aun. Solo falta, el apolo XI, y ver de repente, tras unas piedras a los astronautas saltando. Pero, lo verdaderamente, impresionante, y \u00f9nico, es una noche sin luna. Caminar, bajos las estrellas, es sobrecogedor, miles, de estrellas, se derraman por el firmamento. La Via Lactea, se convierte en el espinazo de la noche, como se decia el gran Carl Sagan.https:\/\/www.youtube.com\/watch?v=XabtxHu3H1A<\/p>\n<!-- \/wp:paragraph -->\n\n<!-- wp:image {\"id\":715,\"sizeSlug\":\"large\"} -->\n<figure class=\"wp-block-image size-large\"><img width=\"1024\" height=\"1021\" src=\"https:\/\/tenerife-hike-wandern.com\/wp-content\/uploads\/2020\/09\/teide-via-lactea-comprimida-1024x1021.jpg\" alt=\"Bajo la Via Lactea, Under of Milky Way. Teide and stars, Teide y estrellas. Gregorios wanderfamily Tenerife. Hiking in Tenerife\" class=\"wp-image-715\" srcset=\"https:\/\/tenerife-hike-wandern.com\/wp-content\/uploads\/2020\/09\/teide-via-lactea-comprimida-1024x1021.jpg 1024w, https:\/\/tenerife-hike-wandern.com\/wp-content\/uploads\/2020\/09\/teide-via-lactea-comprimida-300x300.jpg 300w, https:\/\/tenerife-hike-wandern.com\/wp-content\/uploads\/2020\/09\/teide-via-lactea-comprimida-150x150.jpg 150w, https:\/\/tenerife-hike-wandern.com\/wp-content\/uploads\/2020\/09\/teide-via-lactea-comprimida-768x766.jpg 768w, https:\/\/tenerife-hike-wandern.com\/wp-content\/uploads\/2020\/09\/teide-via-lactea-comprimida.jpg 1080w\" sizes=\"(max-width: 1024px) 100vw, 1024px\" \/><figcaption>Bajo la Via Lactea, Under Milky Way. Teide and stars, Teide y estrellas. Gregorios wanderfamily Tenerife. Hiking in Tenerife<\/figcaption><\/figure>\n<!-- \/wp:image -->\n\n<!-- wp:heading -->\n<h2>TEIDE, CAMINANDO BAJO LAS ESTRELLA. En el volcan Teide, en Tenerife, Canarias, una isla en el oceano Atlantico, de ese palido punto azul, llamado Tierra<\/h2>\n<!-- \/wp:heading -->\n\n<!-- wp:paragraph -->\n<p>  Ese palido punto azul, perdido en la inmensidad, del universo. En la Via Lactea. En el brazo de Orion, dado vueltas alrededor de su estrella , el Sol. Y desplazandose con ella, alrededor del centro de la galaxia. Y a la vez esta, hacia la galaxia Andr\u00f2meda&#8230;As\u00ec siempre, viajando a toda velocidad, por el espacio tiempo, del cosmos.https:\/\/www.youtube.com\/watch?v=vK4g_7mGywc<\/p>\n<!-- \/wp:paragraph -->\t\t\t\t\t<\/div>\n\t\t\t\t\t\t<\/div>\n\t\t\t\t<\/div>\n\t\t\t\t<div class=\"elementor-element elementor-element-98b73e7 elementor-widget elementor-widget-text-editor\" data-id=\"98b73e7\" data-element_type=\"widget\" data-widget_type=\"text-editor.default\">\n\t\t\t\t<div class=\"elementor-widget-container\">\n\t\t\t\t\t\t\t\t<div class=\"elementor-text-editor elementor-clearfix\">\n\t\t\t\t<!-- wp:heading -->\n<h2>Ver estrellas, en el Teide. Una experiencia, inolvidable.<\/h2>\n<!-- \/wp:heading -->\n\n<!-- wp:paragraph -->\n<p>   El parque nacional del Teide, es sin lugar a dudas, uno de los mejores, lugares en el mundo, para ver las estrellas. La calidad de su cielo, su sequedad, debido a su gran altitud ( 2000m. de altura) El hecho de ser unas islas oceanicas, le da la necesaria oscuridad. para, poder mejor estrellas. Ya,  Viera y Clavijo, en su \u00abNoticias de la historia de las islas Canarias\u00bb o el brit\u00e1nico, George Glas, en su \u00bb Description of the Canary Islands\u00bb ambas obras del siglo XVIII. Alababan las virtudes del cielo del Teide, para la observaci\u00f3n <a href=\"https:\/\/es.wikipedia.org\/wiki\/Charles_Piazzi_Smyth\">astr\u00f3nomica<\/a>. A mediados, del siglo XIX, Charles Piazzi Smith   https:\/\/es.wikipedia.org\/wiki\/Charles_Piazzi_Smyth      , ayudado, de lugare\u00f1os, y 20 mulas, subi\u00f3, primero al Guajara ( 2715m) y luego a Altavista (3280m)en el Teide, subio un gran teleferico. Gracias a las observaciones, alli realizadas, la astronom\u00eca, dio, un salto, de calidad. y posteriormente, otros, astr\u00f2nomos influenciados, por las aportaciones, de Piazzi Smith, llamaron a un monte de la Luna, monte de Tenerife. En recuerdo, de las observaciones hechas en el volcan, Teide.<\/p>\n<!-- \/wp:paragraph -->\n\n<!-- wp:image {\"id\":596,\"width\":728,\"height\":728,\"sizeSlug\":\"large\"} -->\n<figure class=\"wp-block-image size-large is-resized\"><img src=\"https:\/\/tenerife-hike-wandern.com\/wp-content\/uploads\/2020\/08\/ESTRELLAS-TEIDE-TAJINASTE-JAVI.jpg\" alt=\" Estrellas en el Teide, Teide and stars, hiking in Tenerife Wandern Auf Teneriffa Gregorios wanderfamily\" class=\"wp-image-596\" width=\"728\" height=\"728\" srcset=\"https:\/\/tenerife-hike-wandern.com\/wp-content\/uploads\/2020\/08\/ESTRELLAS-TEIDE-TAJINASTE-JAVI.jpg 640w, https:\/\/tenerife-hike-wandern.com\/wp-content\/uploads\/2020\/08\/ESTRELLAS-TEIDE-TAJINASTE-JAVI-300x300.jpg 300w, https:\/\/tenerife-hike-wandern.com\/wp-content\/uploads\/2020\/08\/ESTRELLAS-TEIDE-TAJINASTE-JAVI-150x150.jpg 150w\" sizes=\"(max-width: 728px) 100vw, 728px\" \/><figcaption> Estrellas en el Teide, Teide and stars, hiking in Tenerife Wandern Auf Teneriffa Gregorios wanderfamily<\/figcaption><\/figure>\n<!-- \/wp:image -->\n\n<!-- wp:heading -->\n<h2>VER LAS ESTRELLAS EN EL TEIDE, mientras caminas, es una experiencia unica.<\/h2>\n<!-- \/wp:heading -->\n\n<!-- wp:paragraph -->\n<p>  Hacer senderismo, en el Teide, siempre, es siempre una experiencia ,unica . Pero hacerlo por la noche, es magico. Caminar, una noche de Luna, llena, donde pareciera, que la pudieras tocar. Y no nececitas frontal, de la luz que refleja, nuestro satelite natural, y el paisje lunar del Teide, se nos convierte, en mas lunar aun. Solo falta, el apolo XI, y ver de repente, tras unas piedras a los astronautas saltando. Pero, lo verdaderamente, impresionante, y \u00f9nico, es una noche sin luna. Caminar, bajos las estrellas, es sobrecogedor, miles, de estrellas, se derraman por el firmamento. La Via Lactea, se convierte en el espinazo de la noche, como se decia el gran Carl Sagan.https:\/\/www.youtube.com\/watch?v=XabtxHu3H1A<\/p>\n<!-- \/wp:paragraph -->\n\n<!-- wp:image {\"id\":715,\"sizeSlug\":\"large\"} -->\n<figure class=\"wp-block-image size-large\"><img width=\"1024\" height=\"1021\" src=\"https:\/\/tenerife-hike-wandern.com\/wp-content\/uploads\/2020\/09\/teide-via-lactea-comprimida-1024x1021.jpg\" alt=\"Bajo la Via Lactea, Under of Milky Way. Teide and stars, Teide y estrellas. Gregorios wanderfamily Tenerife. Hiking in Tenerife\" class=\"wp-image-715\" srcset=\"https:\/\/tenerife-hike-wandern.com\/wp-content\/uploads\/2020\/09\/teide-via-lactea-comprimida-1024x1021.jpg 1024w, https:\/\/tenerife-hike-wandern.com\/wp-content\/uploads\/2020\/09\/teide-via-lactea-comprimida-300x300.jpg 300w, https:\/\/tenerife-hike-wandern.com\/wp-content\/uploads\/2020\/09\/teide-via-lactea-comprimida-150x150.jpg 150w, https:\/\/tenerife-hike-wandern.com\/wp-content\/uploads\/2020\/09\/teide-via-lactea-comprimida-768x766.jpg 768w, https:\/\/tenerife-hike-wandern.com\/wp-content\/uploads\/2020\/09\/teide-via-lactea-comprimida.jpg 1080w\" sizes=\"(max-width: 1024px) 100vw, 1024px\" \/><figcaption>Bajo la Via Lactea, Under Milky Way. Teide and stars, Teide y estrellas. Gregorios wanderfamily Tenerife. Hiking in Tenerife<\/figcaption><\/figure>\n<!-- \/wp:image -->\n\n<!-- wp:heading -->\n<h2>TEIDE, CAMINANDO BAJO LAS ESTRELLA. En el volcan Teide, en Tenerife, Canarias, una isla en el oceano Atlantico, de ese palido punto azul, llamado Tierra<\/h2>\n<!-- \/wp:heading -->\n\n<!-- wp:paragraph -->\n<p>  Ese palido punto azul, perdido en la inmensidad, del universo. En la Via Lactea. En el brazo de Orion, dado vueltas alrededor de su estrella , el Sol. Y desplazandose con ella, alrededor del centro de la galaxia. Y a la vez esta, hacia la galaxia Andr\u00f2meda&#8230;As\u00ec siempre, viajando a toda velocidad, por el espacio tiempo, del cosmos.https:\/\/www.youtube.com\/watch?v=vK4g_7mGywc<\/p>\n<!-- \/wp:paragraph -->\t\t\t\t\t<\/div>\n\t\t\t\t\t\t<\/div>\n\t\t\t\t<\/div>\n\t\t\t\t\t\t<\/div>\n\t\t\t\t\t<\/div>\n\t\t<\/div>\n\t\t\t\t\t\t\t\t<\/div>\n\t\t\t\t\t<\/div>\n\t\t<\/section>\n\t\t\t\t<section class=\"elementor-section elementor-top-section elementor-element elementor-element-9e3bd89 elementor-section-boxed elementor-section-height-default elementor-section-height-default\" data-id=\"9e3bd89\" data-element_type=\"section\">\n\t\t\t\t\t\t<div class=\"elementor-container elementor-column-gap-default\">\n\t\t\t\t\t\t\t<div class=\"elementor-row\">\n\t\t\t\t\t<div class=\"elementor-column elementor-col-33 elementor-top-column elementor-element elementor-element-aad6a56\" data-id=\"aad6a56\" data-element_type=\"column\">\n\t\t\t<div class=\"elementor-column-wrap elementor-element-populated\">\n\t\t\t\t\t\t\t<div class=\"elementor-widget-wrap\">\n\t\t\t\t\t\t<div class=\"elementor-element elementor-element-3a36ac5 elementor-aspect-ratio-169 elementor-widget elementor-widget-video\" data-id=\"3a36ac5\" data-element_type=\"widget\" data-settings=\"{&quot;youtube_url&quot;:&quot;https:\\\/\\\/www.youtube.com\\\/watch?v=nXHWRBL6ksc&quot;,&quot;loop&quot;:&quot;yes&quot;,&quot;video_type&quot;:&quot;youtube&quot;,&quot;controls&quot;:&quot;yes&quot;,&quot;aspect_ratio&quot;:&quot;169&quot;}\" data-widget_type=\"video.default\">\n\t\t\t\t<div class=\"elementor-widget-container\">\n\t\t\t\t\t<div class=\"elementor-wrapper elementor-fit-aspect-ratio elementor-open-inline\">\n\t\t\t<div class=\"elementor-video\"><\/div>\t\t<\/div>\n\t\t\t\t<\/div>\n\t\t\t\t<\/div>\n\t\t\t\t\t\t<\/div>\n\t\t\t\t\t<\/div>\n\t\t<\/div>\n\t\t\t\t<div class=\"elementor-column elementor-col-33 elementor-top-column elementor-element elementor-element-a68fd12\" data-id=\"a68fd12\" data-element_type=\"column\">\n\t\t\t<div class=\"elementor-column-wrap elementor-element-populated\">\n\t\t\t\t\t\t\t<div class=\"elementor-widget-wrap\">\n\t\t\t\t\t\t<div class=\"elementor-element elementor-element-9f1b765 elementor-widget elementor-widget-image\" data-id=\"9f1b765\" data-element_type=\"widget\" data-widget_type=\"image.default\">\n\t\t\t\t<div class=\"elementor-widget-container\">\n\t\t\t\t\t\t\t\t<div class=\"elementor-image\">\n\t\t\t\t\t\t\t\t\t\t\t\t<img width=\"768\" height=\"541\" src=\"https:\/\/tenerife-hike-wandern.com\/wp-content\/uploads\/2020\/09\/Alisios-Trade-wind.-Canary-Islands.-Gregorios-wanderfamily-Tenerife-768x541.jpg\" class=\"attachment-medium_large size-medium_large\" alt=\"Alisios, Trade wind. hiking in Tenerife Wandern Auf Teneriffa Gregorios wanderfamily\" srcset=\"https:\/\/tenerife-hike-wandern.com\/wp-content\/uploads\/2020\/09\/Alisios-Trade-wind.-Canary-Islands.-Gregorios-wanderfamily-Tenerife-768x541.jpg 768w, https:\/\/tenerife-hike-wandern.com\/wp-content\/uploads\/2020\/09\/Alisios-Trade-wind.-Canary-Islands.-Gregorios-wanderfamily-Tenerife-300x211.jpg 300w, https:\/\/tenerife-hike-wandern.com\/wp-content\/uploads\/2020\/09\/Alisios-Trade-wind.-Canary-Islands.-Gregorios-wanderfamily-Tenerife-1024x722.jpg 1024w, https:\/\/tenerife-hike-wandern.com\/wp-content\/uploads\/2020\/09\/Alisios-Trade-wind.-Canary-Islands.-Gregorios-wanderfamily-Tenerife.jpg 1115w\" sizes=\"(max-width: 768px) 100vw, 768px\" \/>\t\t\t\t\t\t\t\t\t\t\t\t\t\t<\/div>\n\t\t\t\t\t\t<\/div>\n\t\t\t\t<\/div>\n\t\t\t\t\t\t<\/div>\n\t\t\t\t\t<\/div>\n\t\t<\/div>\n\t\t\t\t<div class=\"elementor-column elementor-col-33 elementor-top-column elementor-element elementor-element-b1926b7\" data-id=\"b1926b7\" data-element_type=\"column\">\n\t\t\t<div class=\"elementor-column-wrap elementor-element-populated\">\n\t\t\t\t\t\t\t<div class=\"elementor-widget-wrap\">\n\t\t\t\t\t\t<div class=\"elementor-element elementor-element-f6e5f4d elementor-widget elementor-widget-image\" data-id=\"f6e5f4d\" data-element_type=\"widget\" data-widget_type=\"image.default\">\n\t\t\t\t<div class=\"elementor-widget-container\">\n\t\t\t\t\t\t\t\t<div class=\"elementor-image\">\n\t\t\t\t\t\t\t\t\t\t\t\t<img width=\"768\" height=\"768\" src=\"https:\/\/tenerife-hike-wandern.com\/wp-content\/uploads\/2020\/08\/chinamada-flores-gregorios-768x768.jpg\" class=\"attachment-medium_large size-medium_large\" alt=\"ANAGA Gregorios wanderfamily Tenerife, senderismo trekking Hiking Wandern Trekking\" srcset=\"https:\/\/tenerife-hike-wandern.com\/wp-content\/uploads\/2020\/08\/chinamada-flores-gregorios-768x768.jpg 768w, https:\/\/tenerife-hike-wandern.com\/wp-content\/uploads\/2020\/08\/chinamada-flores-gregorios-300x300.jpg 300w, https:\/\/tenerife-hike-wandern.com\/wp-content\/uploads\/2020\/08\/chinamada-flores-gregorios-1024x1024.jpg 1024w, https:\/\/tenerife-hike-wandern.com\/wp-content\/uploads\/2020\/08\/chinamada-flores-gregorios-150x150.jpg 150w, https:\/\/tenerife-hike-wandern.com\/wp-content\/uploads\/2020\/08\/chinamada-flores-gregorios.jpg 1536w\" sizes=\"(max-width: 768px) 100vw, 768px\" \/>\t\t\t\t\t\t\t\t\t\t\t\t\t\t<\/div>\n\t\t\t\t\t\t<\/div>\n\t\t\t\t<\/div>\n\t\t\t\t\t\t<\/div>\n\t\t\t\t\t<\/div>\n\t\t<\/div>\n\t\t\t\t\t\t\t\t<\/div>\n\t\t\t\t\t<\/div>\n\t\t<\/section>\n\t\t\t\t\t\t<\/div>\n\t\t\t\t\t\t<\/div>\n\t\t\t\t\t<\/div>\n\t\t","protected":false},"excerpt":{"rendered":"<p>LOS ALISIOS, LOS VIENTOS DEL OCEANO. Sin duda alguna, los Alisios, es uno de los factores, que mas marcan la singularidad, de las Islas Canarias. Estos vientos, de gran importancia, en la dinamica general de nuestro planeta. Que alimentan, las borrascas subpolares, con el aire caliente, de los tropicos, y con el aire fresco, del [&hellip;]<\/p>\n","protected":false},"author":1,"featured_media":0,"comment_status":"open","ping_status":"open","sticky":false,"template":"","format":"standard","meta":[],"categories":[35],"tags":[],"_links":{"self":[{"href":"https:\/\/tenerife-hike-wandern.com\/index.php?rest_route=\/wp\/v2\/posts\/733"}],"collection":[{"href":"https:\/\/tenerife-hike-wandern.com\/index.php?rest_route=\/wp\/v2\/posts"}],"about":[{"href":"https:\/\/tenerife-hike-wandern.com\/index.php?rest_route=\/wp\/v2\/types\/post"}],"author":[{"embeddable":true,"href":"https:\/\/tenerife-hike-wandern.com\/index.php?rest_route=\/wp\/v2\/users\/1"}],"replies":[{"embeddable":true,"href":"https:\/\/tenerife-hike-wandern.com\/index.php?rest_route=%2Fwp%2Fv2%2Fcomments&post=733"}],"version-history":[{"count":3,"href":"https:\/\/tenerife-hike-wandern.com\/index.php?rest_route=\/wp\/v2\/posts\/733\/revisions"}],"predecessor-version":[{"id":742,"href":"https:\/\/tenerife-hike-wandern.com\/index.php?rest_route=\/wp\/v2\/posts\/733\/revisions\/742"}],"wp:attachment":[{"href":"https:\/\/tenerife-hike-wandern.com\/index.php?rest_route=%2Fwp%2Fv2%2Fmedia&parent=733"}],"wp:term":[{"taxonomy":"category","embeddable":true,"href":"https:\/\/tenerife-hike-wandern.com\/index.php?rest_route=%2Fwp%2Fv2%2Fcategories&post=733"},{"taxonomy":"post_tag","embeddable":true,"href":"https:\/\/tenerife-hike-wandern.com\/index.php?rest_route=%2Fwp%2Fv2%2Ftags&post=733"}],"curies":[{"name":"wp","href":"https:\/\/api.w.org\/{rel}","templated":true}]}}