{"id":676,"date":"2020-09-16T17:45:41","date_gmt":"2020-09-16T17:45:41","guid":{"rendered":"https:\/\/tenerife-hike-wandern.com\/?p=676"},"modified":"2020-10-27T15:45:51","modified_gmt":"2020-10-27T15:45:51","slug":"masca","status":"publish","type":"post","link":"https:\/\/tenerife-hike-wandern.com\/?p=676","title":{"rendered":"MASCA"},"content":{"rendered":"\t\t<div data-elementor-type=\"wp-post\" data-elementor-id=\"676\" class=\"elementor elementor-676\" data-elementor-settings=\"[]\">\n\t\t\t\t\t\t<div class=\"elementor-inner\">\n\t\t\t\t\t\t\t<div class=\"elementor-section-wrap\">\n\t\t\t\t\t\t\t<section class=\"elementor-section elementor-top-section elementor-element elementor-element-0ffdde2 elementor-section-boxed elementor-section-height-default elementor-section-height-default\" data-id=\"0ffdde2\" data-element_type=\"section\">\n\t\t\t\t\t\t<div class=\"elementor-container elementor-column-gap-default\">\n\t\t\t\t\t\t\t<div class=\"elementor-row\">\n\t\t\t\t\t<div class=\"elementor-column elementor-col-100 elementor-top-column elementor-element elementor-element-741f9a9\" data-id=\"741f9a9\" data-element_type=\"column\">\n\t\t\t<div class=\"elementor-column-wrap elementor-element-populated\">\n\t\t\t\t\t\t\t<div class=\"elementor-widget-wrap\">\n\t\t\t\t\t\t<div class=\"elementor-element elementor-element-c65cab7 elementor-widget elementor-widget-image\" data-id=\"c65cab7\" data-element_type=\"widget\" data-widget_type=\"image.default\">\n\t\t\t\t<div class=\"elementor-widget-container\">\n\t\t\t\t\t\t\t\t<div class=\"elementor-image\">\n\t\t\t\t\t\t\t\t\t\t\t\t<img src=\"https:\/\/tenerife-hike-wandern.com\/wp-content\/uploads\/2020\/09\/masca-arcoiris-3.jpg\" title=\"\" alt=\"\" \/>\t\t\t\t\t\t\t\t\t\t\t\t\t\t<\/div>\n\t\t\t\t\t\t<\/div>\n\t\t\t\t<\/div>\n\t\t\t\t\t\t<\/div>\n\t\t\t\t\t<\/div>\n\t\t<\/div>\n\t\t\t\t\t\t\t\t<\/div>\n\t\t\t\t\t<\/div>\n\t\t<\/section>\n\t\t\t\t<section class=\"elementor-section elementor-top-section elementor-element elementor-element-17384596 elementor-section-boxed elementor-section-height-default elementor-section-height-default\" data-id=\"17384596\" data-element_type=\"section\">\n\t\t\t\t\t\t<div class=\"elementor-container elementor-column-gap-default\">\n\t\t\t\t\t\t\t<div class=\"elementor-row\">\n\t\t\t\t\t<div class=\"elementor-column elementor-col-100 elementor-top-column elementor-element elementor-element-125f0126\" data-id=\"125f0126\" data-element_type=\"column\">\n\t\t\t<div class=\"elementor-column-wrap elementor-element-populated\">\n\t\t\t\t\t\t\t<div class=\"elementor-widget-wrap\">\n\t\t\t\t\t\t<div class=\"elementor-element elementor-element-36ec537 elementor-widget-divider--view-line elementor-widget elementor-widget-divider\" data-id=\"36ec537\" data-element_type=\"widget\" data-widget_type=\"divider.default\">\n\t\t\t\t<div class=\"elementor-widget-container\">\n\t\t\t\t\t<div class=\"elementor-divider\">\n\t\t\t<span class=\"elementor-divider-separator\">\n\t\t\t\t\t\t<\/span>\n\t\t<\/div>\n\t\t\t\t<\/div>\n\t\t\t\t<\/div>\n\t\t\t\t<div class=\"elementor-element elementor-element-764035a3 elementor-widget elementor-widget-text-editor\" data-id=\"764035a3\" data-element_type=\"widget\" data-widget_type=\"text-editor.default\">\n\t\t\t\t<div class=\"elementor-widget-container\">\n\t\t\t\t\t\t\t\t<div class=\"elementor-text-editor elementor-clearfix\">\n\t\t\t\t<p><!-- wp:heading --><\/p>\n<h2>Masca, de ayer a hoy<\/h2>\n<p><!-- \/wp:heading --><\/p>\n<p><!-- wp:paragraph --><\/p>\n<p>Sin ninguna duda, Masca, es un lugar imprescindible, para los que visitan Tenerife. Y esto es lo que cuentan todas las guias de viajes, portales&#8230;etc. Y esto en los ultimos ha traido, la masificacion. De exito tambien se muere, como dicen muchos. Lo que fue durante, mucho tiempo, un valle perdido, abandonado. Sin carreteras, las que fueron costruidas en los a\u00f1os 70&#8217;s y 80&#8217;s. e iniciadas en los a\u00f1os 30&#8217;s por el alcalde republicano Antonio Camejo, primo de mi abuelo. Con un solo telefono, que fue traido tanbien, por Antonio Camejo. Que mi padre, Gregorio Camejo vio funcionando, en el a\u00f1o 1967. Se ha convertido, en un ir y venir, de coches de alquiler, y guaguas turisticas, convirtiendose en un lugar, donde conducir se convierte, en un ejercicio, de paciencia. Pero sigue siendo y seguira siendo, un lugar especial, lleno de encanto. Con unos atardeceres fantasticos, llenos de color, rodeados de monta\u00f1as, con el mar al fondo. Un lugar, con unas noches fantasticas, en donde solo oiras, el cantar de los grillos, y el evetual, ladrido de algun perro.<\/p>\n<p><!-- \/wp:paragraph --><\/p>\n<p><!-- wp:heading --><\/p>\n<h2>Masca, ayer<\/h2>\n<p><!-- \/wp:heading --><\/p>\n<p><!-- wp:paragraph --><\/p>\n<p>El ayer del Masca de los aborigenes, el Masca, de los guanches, que siempre lo habitaron, por tener siempre agua. Un oasis entre monta\u00f1as, un lugar recindito, pero de normal acceso, para los guanches, acostumbrados, a este tipo de lugares. Seguramente, usarian sus lanzas, para acceder a los lugares mas escarpados. Se moverian por el barranco, hasta llegar al mar, donde, extraerian pescados, lapas, burgados&#8230; etc. Masca un lugar lleno, de lugares sagrados, lugares, donde las deidades aborigenes, eran veneradas, por ellos. Infinidas de cazoletas e inscripciones. El Masca de la conquista, donde los guanches, durante, mucho tiempo pudieron vivir en paz, orotegidos por las monta\u00f1as, pero que con el tiempo, fueron hispanizados, o occidentalizados. LLegaron portugueses, que se mezclaron con ellos. Y fueron perdiendo, generacion tras generacion, su lengua, su cultura aborigen. Pero siguieron siendo, los mismos, guanches, agiles, saltando, por los riscos, de alturas vertiginosas. Ahora hablando castellano, y vistiendo, como campesinos europeos. Se convirtieron en agricultores, pero siguieron siendo cabreros, que bajaban al mar, a buscar lapas, viejas, y morenas&#8230;Tambien el mar, era la salida mas facil, si no habia mar de fondo. Pero tambien, fue la escapatoria, economica de muchos masqueros. POR EL MAR ESCAPARON DE LA POBREZA en los 40&#8217;s y 50&#8217;s a Venezuela. Bajaban el barranco, con lo que cabia en una maleta de madera, para, que un barco los recogiera, y luego seguir a America. Ilegales, como tanto canarios, a escondidas, en la noche, como mi abuelo. Para que no los atrapara, la policia. Y vieran sus sue\u00f1os, de una vida mejor, frustrados. Masca y su barranco, por donde tambien las mujeres, bajaban cargadas de batatas, y cebollas, sobre su cabezas, para luego sacarlas en barcos. Y despues, subir con pescado, tomates, aceite&#8230; Y como me dijo una se\u00f1ora hace unos pocos a\u00f1os; subi solo con 30 kilos de tomates, sobre la cabeza, al mediodia en agosto, porque estaba embarazada, de 7 meses&#8230;<\/p>\n<p><!-- \/wp:paragraph --><\/p>\n<p><!-- wp:paragraph --><\/p>\n<p><!-- \/wp:paragraph --><\/p>\n<p><!-- wp:heading --><\/p>\n<h2>\u00a0<\/h2>\n<p><!-- \/wp:heading --><\/p>\n<p><!-- wp:heading --><\/p>\n<h2>MASCA, HOY<\/h2>\n<p><!-- \/wp:heading --><\/p>\n<p><!-- wp:paragraph --><\/p>\n<p>Masca, hoy, y quizas tambien ma\u00f1ana. Un sue\u00f1o, tuve un sue\u00f1o anoche. SI un buen sue\u00f1o. Y entonces, seria, un lugar idilico, donde los turistas, la visitarian de manera tranquila. Sin los problemas de hoy. Que se volveria, a disfrutar del Barranco de Masca. Y de todos sus caminos y senderos. Que sus habitantes, pudieran vivir de nuevo, en su pueblo ,en equilibrio con el entorno, y su naturaleza. Que volvieran a haber muchos ni\u00f1os. Que volvieran a abrir la escuela. Que hizo el primo de mi abuelo, Antonio Camejo. Tambien so\u00f1e, que esto se extenderia, por toda Canarias y porque no, por el mundo entero. Bueno, ya sabes,eso que llaman, un sue\u00f1o.<\/p>\n<p>https:\/\/en.wikipedia.org\/wiki\/Masca<\/p>\n<p>\u00a0<\/p>\n<p><!-- \/wp:paragraph --><\/p>\n<p><!-- wp:paragraph --><\/p>\n<p><!-- \/wp:paragraph --><\/p>\t\t\t\t\t<\/div>\n\t\t\t\t\t\t<\/div>\n\t\t\t\t<\/div>\n\t\t\t\t\t\t<\/div>\n\t\t\t\t\t<\/div>\n\t\t<\/div>\n\t\t\t\t\t\t\t\t<\/div>\n\t\t\t\t\t<\/div>\n\t\t<\/section>\n\t\t\t\t<section class=\"elementor-section elementor-top-section elementor-element elementor-element-5059c7b elementor-section-boxed elementor-section-height-default elementor-section-height-default\" data-id=\"5059c7b\" data-element_type=\"section\">\n\t\t\t\t\t\t<div class=\"elementor-container elementor-column-gap-default\">\n\t\t\t\t\t\t\t<div class=\"elementor-row\">\n\t\t\t\t\t<div class=\"elementor-column elementor-col-50 elementor-top-column elementor-element elementor-element-d9f208c\" data-id=\"d9f208c\" data-element_type=\"column\">\n\t\t\t<div class=\"elementor-column-wrap elementor-element-populated\">\n\t\t\t\t\t\t\t<div class=\"elementor-widget-wrap\">\n\t\t\t\t\t\t<div class=\"elementor-element elementor-element-215dc3b elementor-widget elementor-widget-image\" data-id=\"215dc3b\" data-element_type=\"widget\" data-widget_type=\"image.default\">\n\t\t\t\t<div class=\"elementor-widget-container\">\n\t\t\t\t\t\t\t\t<div class=\"elementor-image\">\n\t\t\t\t\t\t\t\t\t\t\t\t<img width=\"1024\" height=\"1024\" src=\"https:\/\/tenerife-hike-wandern.com\/wp-content\/uploads\/2020\/09\/la-foto-MASCA-1024x1024.jpg\" class=\"attachment-large size-large\" alt=\"MASCA, barranco y acantilados, vistos desde el mar. Gregorios wanderfamily Tenerife. Victor Camejo\" srcset=\"https:\/\/tenerife-hike-wandern.com\/wp-content\/uploads\/2020\/09\/la-foto-MASCA-1024x1024.jpg 1024w, https:\/\/tenerife-hike-wandern.com\/wp-content\/uploads\/2020\/09\/la-foto-MASCA-300x300.jpg 300w, https:\/\/tenerife-hike-wandern.com\/wp-content\/uploads\/2020\/09\/la-foto-MASCA-150x150.jpg 150w, https:\/\/tenerife-hike-wandern.com\/wp-content\/uploads\/2020\/09\/la-foto-MASCA-768x768.jpg 768w, https:\/\/tenerife-hike-wandern.com\/wp-content\/uploads\/2020\/09\/la-foto-MASCA-1536x1536.jpg 1536w, https:\/\/tenerife-hike-wandern.com\/wp-content\/uploads\/2020\/09\/la-foto-MASCA-2048x2048.jpg 2048w\" sizes=\"(max-width: 1024px) 100vw, 1024px\" \/>\t\t\t\t\t\t\t\t\t\t\t\t\t\t<\/div>\n\t\t\t\t\t\t<\/div>\n\t\t\t\t<\/div>\n\t\t\t\t\t\t<\/div>\n\t\t\t\t\t<\/div>\n\t\t<\/div>\n\t\t\t\t<div class=\"elementor-column elementor-col-50 elementor-top-column elementor-element elementor-element-24fdcf5\" data-id=\"24fdcf5\" data-element_type=\"column\">\n\t\t\t<div class=\"elementor-column-wrap elementor-element-populated\">\n\t\t\t\t\t\t\t<div class=\"elementor-widget-wrap\">\n\t\t\t\t\t\t<div class=\"elementor-element elementor-element-4441ef2 elementor-widget elementor-widget-image\" data-id=\"4441ef2\" data-element_type=\"widget\" data-widget_type=\"image.default\">\n\t\t\t\t<div class=\"elementor-widget-container\">\n\t\t\t\t\t\t\t\t<div class=\"elementor-image\">\n\t\t\t\t\t\t\t\t\t\t\t\t<img width=\"768\" height=\"1024\" src=\"https:\/\/tenerife-hike-wandern.com\/wp-content\/uploads\/2020\/09\/barranco-de-masca-768x1024.jpg\" class=\"attachment-medium_large size-medium_large\" alt=\"Barranco de Masca, Masca Schlucht. Gregorio wanderfamily Tenerife. Victor Camejo. Wandern Hiking Senderismo\" srcset=\"https:\/\/tenerife-hike-wandern.com\/wp-content\/uploads\/2020\/09\/barranco-de-masca-768x1024.jpg 768w, https:\/\/tenerife-hike-wandern.com\/wp-content\/uploads\/2020\/09\/barranco-de-masca-225x300.jpg 225w, https:\/\/tenerife-hike-wandern.com\/wp-content\/uploads\/2020\/09\/barranco-de-masca-1152x1536.jpg 1152w, https:\/\/tenerife-hike-wandern.com\/wp-content\/uploads\/2020\/09\/barranco-de-masca.jpg 1536w\" sizes=\"(max-width: 768px) 100vw, 768px\" \/>\t\t\t\t\t\t\t\t\t\t\t\t\t\t<\/div>\n\t\t\t\t\t\t<\/div>\n\t\t\t\t<\/div>\n\t\t\t\t\t\t<\/div>\n\t\t\t\t\t<\/div>\n\t\t<\/div>\n\t\t\t\t\t\t\t\t<\/div>\n\t\t\t\t\t<\/div>\n\t\t<\/section>\n\t\t\t\t<section class=\"elementor-section elementor-top-section elementor-element elementor-element-49ab2b2 elementor-section-content-middle elementor-section-boxed elementor-section-height-default elementor-section-height-default\" data-id=\"49ab2b2\" data-element_type=\"section\">\n\t\t\t\t\t\t<div class=\"elementor-container elementor-column-gap-no\">\n\t\t\t\t\t\t\t<div class=\"elementor-row\">\n\t\t\t\t\t<div class=\"elementor-column elementor-col-50 elementor-top-column elementor-element elementor-element-644ce7d1\" data-id=\"644ce7d1\" data-element_type=\"column\">\n\t\t\t<div class=\"elementor-column-wrap elementor-element-populated\">\n\t\t\t\t\t\t\t<div class=\"elementor-widget-wrap\">\n\t\t\t\t\t\t<div class=\"elementor-element elementor-element-62140a0d elementor-widget elementor-widget-heading\" data-id=\"62140a0d\" data-element_type=\"widget\" data-widget_type=\"heading.default\">\n\t\t\t\t<div class=\"elementor-widget-container\">\n\t\t\t<h2 class=\"elementor-heading-title elementor-size-default\">contactar con nosotros<\/h2>\t\t<\/div>\n\t\t\t\t<\/div>\n\t\t\t\t<div class=\"elementor-element elementor-element-6f8fdf63 elementor-widget elementor-widget-text-editor\" data-id=\"6f8fdf63\" data-element_type=\"widget\" data-widget_type=\"text-editor.default\">\n\t\t\t\t<div class=\"elementor-widget-container\">\n\t\t\t\t\t\t\t\t<div class=\"elementor-text-editor elementor-clearfix\">\n\t\t\t\t<p>Leave us a message<\/p>\t\t\t\t\t<\/div>\n\t\t\t\t\t\t<\/div>\n\t\t\t\t<\/div>\n\t\t\t\t\t\t<\/div>\n\t\t\t\t\t<\/div>\n\t\t<\/div>\n\t\t\t\t<div class=\"elementor-column elementor-col-50 elementor-top-column elementor-element elementor-element-39caf43d\" data-id=\"39caf43d\" data-element_type=\"column\" data-settings=\"{&quot;background_background&quot;:&quot;classic&quot;}\">\n\t\t\t<div class=\"elementor-column-wrap elementor-element-populated\">\n\t\t\t\t\t\t\t<div class=\"elementor-widget-wrap\">\n\t\t\t\t\t\t<div class=\"elementor-element elementor-element-2db8de39 elementor-widget elementor-widget-google_maps\" data-id=\"2db8de39\" data-element_type=\"widget\" data-widget_type=\"google_maps.default\">\n\t\t\t\t<div class=\"elementor-widget-container\">\n\t\t\t\t\t<div class=\"elementor-custom-embed\">\n\t\t\t<iframe frameborder=\"0\" scrolling=\"no\" marginheight=\"0\" marginwidth=\"0\"\n\t\t\t\t\tsrc=\"https:\/\/maps.google.com\/maps?q=masca&#038;t=m&#038;z=15&#038;output=embed&#038;iwloc=near\"\n\t\t\t\t\ttitle=\"masca\"\n\t\t\t\t\taria-label=\"masca\"\n\t\t\t><\/iframe>\n\t\t<\/div>\n\t\t\t\t<\/div>\n\t\t\t\t<\/div>\n\t\t\t\t<div class=\"elementor-element elementor-element-6c49bde1 elementor-position-left elementor-view-default elementor-vertical-align-top elementor-widget elementor-widget-icon-box\" data-id=\"6c49bde1\" data-element_type=\"widget\" data-widget_type=\"icon-box.default\">\n\t\t\t\t<div class=\"elementor-widget-container\">\n\t\t\t\t\t<div class=\"elementor-icon-box-wrapper\">\n\t\t\t\t\t\t<div class=\"elementor-icon-box-icon\">\n\t\t\t\t<span class=\"elementor-icon elementor-animation-\" >\n\t\t\t\t<i aria-hidden=\"true\" class=\"fas fa-star\"><\/i>\t\t\t\t<\/span>\n\t\t\t<\/div>\n\t\t\t\t\t\t<div class=\"elementor-icon-box-content\">\n\t\t\t\t<h3 class=\"elementor-icon-box-title\">\n\t\t\t\t\t<span  >\n\t\t\t\t\t\tMasca, Tenerife Canarias\t\t\t\t\t<\/span>\n\t\t\t\t<\/h3>\n\t\t\t\t\t\t\t<\/div>\n\t\t<\/div>\n\t\t\t\t<\/div>\n\t\t\t\t<\/div>\n\t\t\t\t<div class=\"elementor-element elementor-element-4fe3fccc elementor-position-left elementor-view-default elementor-vertical-align-top elementor-widget elementor-widget-icon-box\" data-id=\"4fe3fccc\" data-element_type=\"widget\" data-widget_type=\"icon-box.default\">\n\t\t\t\t<div class=\"elementor-widget-container\">\n\t\t\t\t\t<div class=\"elementor-icon-box-wrapper\">\n\t\t\t\t\t\t<div class=\"elementor-icon-box-icon\">\n\t\t\t\t<span class=\"elementor-icon elementor-animation-\" >\n\t\t\t\t<i aria-hidden=\"true\" class=\"fas fa-star\"><\/i>\t\t\t\t<\/span>\n\t\t\t<\/div>\n\t\t\t\t\t\t<div class=\"elementor-icon-box-content\">\n\t\t\t\t<h3 class=\"elementor-icon-box-title\">\n\t\t\t\t\t<span  >\n\t\t\t\t\t\t00 34  629790156\t\t\t\t\t<\/span>\n\t\t\t\t<\/h3>\n\t\t\t\t\t\t\t<\/div>\n\t\t<\/div>\n\t\t\t\t<\/div>\n\t\t\t\t<\/div>\n\t\t\t\t\t\t<\/div>\n\t\t\t\t\t<\/div>\n\t\t<\/div>\n\t\t\t\t\t\t\t\t<\/div>\n\t\t\t\t\t<\/div>\n\t\t<\/section>\n\t\t\t\t\t\t<\/div>\n\t\t\t\t\t\t<\/div>\n\t\t\t\t\t<\/div>\n\t\t","protected":false},"excerpt":{"rendered":"<p>Masca, de ayer a hoy Sin ninguna duda, Masca, es un lugar imprescindible, para los que visitan Tenerife. Y esto es lo que cuentan todas las guias de viajes, portales&#8230;etc. Y esto en los ultimos ha traido, la masificacion. De exito tambien se muere, como dicen muchos. Lo que fue durante, mucho tiempo, un valle [&hellip;]<\/p>\n","protected":false},"author":1,"featured_media":0,"comment_status":"open","ping_status":"open","sticky":false,"template":"","format":"standard","meta":[],"categories":[35],"tags":[],"_links":{"self":[{"href":"https:\/\/tenerife-hike-wandern.com\/index.php?rest_route=\/wp\/v2\/posts\/676"}],"collection":[{"href":"https:\/\/tenerife-hike-wandern.com\/index.php?rest_route=\/wp\/v2\/posts"}],"about":[{"href":"https:\/\/tenerife-hike-wandern.com\/index.php?rest_route=\/wp\/v2\/types\/post"}],"author":[{"embeddable":true,"href":"https:\/\/tenerife-hike-wandern.com\/index.php?rest_route=\/wp\/v2\/users\/1"}],"replies":[{"embeddable":true,"href":"https:\/\/tenerife-hike-wandern.com\/index.php?rest_route=%2Fwp%2Fv2%2Fcomments&post=676"}],"version-history":[{"count":5,"href":"https:\/\/tenerife-hike-wandern.com\/index.php?rest_route=\/wp\/v2\/posts\/676\/revisions"}],"predecessor-version":[{"id":767,"href":"https:\/\/tenerife-hike-wandern.com\/index.php?rest_route=\/wp\/v2\/posts\/676\/revisions\/767"}],"wp:attachment":[{"href":"https:\/\/tenerife-hike-wandern.com\/index.php?rest_route=%2Fwp%2Fv2%2Fmedia&parent=676"}],"wp:term":[{"taxonomy":"category","embeddable":true,"href":"https:\/\/tenerife-hike-wandern.com\/index.php?rest_route=%2Fwp%2Fv2%2Fcategories&post=676"},{"taxonomy":"post_tag","embeddable":true,"href":"https:\/\/tenerife-hike-wandern.com\/index.php?rest_route=%2Fwp%2Fv2%2Ftags&post=676"}],"curies":[{"name":"wp","href":"https:\/\/api.w.org\/{rel}","templated":true}]}}