{"id":2171,"date":"2022-10-27T16:27:56","date_gmt":"2022-10-27T16:27:56","guid":{"rendered":"https:\/\/tenerife-hike-wandern.com\/?p=2171"},"modified":"2022-10-27T16:56:29","modified_gmt":"2022-10-27T16:56:29","slug":"mama-papa-y-el-teide","status":"publish","type":"post","link":"https:\/\/tenerife-hike-wandern.com\/?p=2171","title":{"rendered":"Mam\u00e1, Pap\u00e1 y El Teide"},"content":{"rendered":"\t\t<div data-elementor-type=\"wp-post\" data-elementor-id=\"2171\" class=\"elementor elementor-2171\" data-elementor-settings=\"[]\">\n\t\t\t\t\t\t<div class=\"elementor-inner\">\n\t\t\t\t\t\t\t<div class=\"elementor-section-wrap\">\n\t\t\t\t\t\t\t<section class=\"elementor-section elementor-top-section elementor-element elementor-element-777f19e elementor-section-boxed elementor-section-height-default elementor-section-height-default\" data-id=\"777f19e\" data-element_type=\"section\">\n\t\t\t\t\t\t<div class=\"elementor-container elementor-column-gap-default\">\n\t\t\t\t\t\t\t<div class=\"elementor-row\">\n\t\t\t\t\t<div class=\"elementor-column elementor-col-100 elementor-top-column elementor-element elementor-element-34a68915\" data-id=\"34a68915\" data-element_type=\"column\">\n\t\t\t<div class=\"elementor-column-wrap elementor-element-populated\">\n\t\t\t\t\t\t\t<div class=\"elementor-widget-wrap\">\n\t\t\t\t\t\t<div class=\"elementor-element elementor-element-78d7a156 elementor-widget elementor-widget-shortcode\" data-id=\"78d7a156\" data-element_type=\"widget\" data-widget_type=\"shortcode.default\">\n\t\t\t\t<div class=\"elementor-widget-container\">\n\t\t\t\t\t<div class=\"elementor-shortcode\"><figure id=\"attachment_1658\" aria-describedby=\"caption-attachment-1658\" style=\"width: 300px\" class=\"wp-caption alignnone\"><img class=\"size-medium wp-image-1658\" src=\"https:\/\/tenerife-hike-wandern.com\/wp-content\/uploads\/2021\/05\/Screenshot_20210514_182225_com.instagram.android_3-1-1-300x300.jpg\" alt=\"Teide pico, senderismo, Gipfel, Spitze, wandern. top. Gregorios Trekking Tenerife\" width=\"300\" height=\"300\" srcset=\"https:\/\/tenerife-hike-wandern.com\/wp-content\/uploads\/2021\/05\/Screenshot_20210514_182225_com.instagram.android_3-1-1-300x300.jpg 300w, https:\/\/tenerife-hike-wandern.com\/wp-content\/uploads\/2021\/05\/Screenshot_20210514_182225_com.instagram.android_3-1-1-1024x1019.jpg 1024w, https:\/\/tenerife-hike-wandern.com\/wp-content\/uploads\/2021\/05\/Screenshot_20210514_182225_com.instagram.android_3-1-1-150x150.jpg 150w, https:\/\/tenerife-hike-wandern.com\/wp-content\/uploads\/2021\/05\/Screenshot_20210514_182225_com.instagram.android_3-1-1.jpg 1080w\" sizes=\"(max-width: 300px) 100vw, 300px\" \/><figcaption id=\"caption-attachment-1658\" class=\"wp-caption-text\">Teide\u00a0 Tenerife, <em>Gregoriostrekking<\/em><\/figcaption><\/figure><\/div>\n\t\t\t\t<\/div>\n\t\t\t\t<\/div>\n\t\t\t\t\t\t<\/div>\n\t\t\t\t\t<\/div>\n\t\t<\/div>\n\t\t\t\t\t\t\t\t<\/div>\n\t\t\t\t\t<\/div>\n\t\t<\/section>\n\t\t\t\t<section class=\"elementor-section elementor-top-section elementor-element elementor-element-5d58212 elementor-section-boxed elementor-section-height-default elementor-section-height-default\" data-id=\"5d58212\" data-element_type=\"section\">\n\t\t\t\t\t\t<div class=\"elementor-container elementor-column-gap-default\">\n\t\t\t\t\t\t\t<div class=\"elementor-row\">\n\t\t\t\t\t<div class=\"elementor-column elementor-col-50 elementor-top-column elementor-element elementor-element-2ac61df\" data-id=\"2ac61df\" data-element_type=\"column\">\n\t\t\t<div class=\"elementor-column-wrap elementor-element-populated\">\n\t\t\t\t\t\t\t<div class=\"elementor-widget-wrap\">\n\t\t\t\t\t\t<div class=\"elementor-element elementor-element-ad1b875 elementor-widget elementor-widget-heading\" data-id=\"ad1b875\" data-element_type=\"widget\" data-widget_type=\"heading.default\">\n\t\t\t\t<div class=\"elementor-widget-container\">\n\t\t\t<h2 class=\"elementor-heading-title elementor-size-default\">Mam\u00e1, Pap\u00e1 y Teide<\/h2>\t\t<\/div>\n\t\t\t\t<\/div>\n\t\t\t\t\t\t<\/div>\n\t\t\t\t\t<\/div>\n\t\t<\/div>\n\t\t\t\t<div class=\"elementor-column elementor-col-50 elementor-top-column elementor-element elementor-element-2bed90b\" data-id=\"2bed90b\" data-element_type=\"column\">\n\t\t\t<div class=\"elementor-column-wrap elementor-element-populated\">\n\t\t\t\t\t\t\t<div class=\"elementor-widget-wrap\">\n\t\t\t\t\t\t<div class=\"elementor-element elementor-element-2128954 elementor-widget elementor-widget-text-editor\" data-id=\"2128954\" data-element_type=\"widget\" data-widget_type=\"text-editor.default\">\n\t\t\t\t<div class=\"elementor-widget-container\">\n\t\t\t\t\t\t\t\t<div class=\"elementor-text-editor elementor-clearfix\">\n\t\t\t\t<p>\u00a0 \u00a0 \u00a0Para la gente del norte de Tenerife, y para los que somos de La Orotava. El Teide, con su imagen, colosal, sobresaliendo majestuosamente, de la l\u00ednea del cielo, de la isla. Siempre arriba, siempre, ah\u00ed, El padre Teide. Su imagen, su presencia, nos ha acompa\u00f1ado siempre. Estando, all\u00e1 en lo alto. Cuando,\u00e9ramos ni\u00f1os, y pregunt\u00e1bamos a nuestras madres, que era aquello tan grande. Cuando llov\u00eda, mir\u00e1bamos cuando despejaba,\u00a0 para buscar el blanco de las primeras nieves del invierno.<\/p><p>\u00a0Cuando no est\u00e1 porque nos hemos ido, a otro pa\u00eds. Y lo evocamos en el recuerdo. Como la verdadera bandera de nuestra patria. Un Teide, sobre las nubes y el oc\u00e9ano rugiente y azul. Y es cuando volvemos, lo que primero buscamos desde la ventanilla del avi\u00f3n. y seguramente, lo \u00faltimo que vieron de la isla, los que se marcharon para para siempre.\u00a0<\/p><p>\u00a0Hijo ese es el Teide, el padre Teide.<\/p><p>\u00a0 \u00a0V\u00edctor Camejo<\/p>\t\t\t\t\t<\/div>\n\t\t\t\t\t\t<\/div>\n\t\t\t\t<\/div>\n\t\t\t\t\t\t<\/div>\n\t\t\t\t\t<\/div>\n\t\t<\/div>\n\t\t\t\t\t\t\t\t<\/div>\n\t\t\t\t\t<\/div>\n\t\t<\/section>\n\t\t\t\t<section class=\"elementor-section elementor-top-section elementor-element elementor-element-70b5763 elementor-section-boxed elementor-section-height-default elementor-section-height-default\" data-id=\"70b5763\" data-element_type=\"section\">\n\t\t\t\t\t\t<div class=\"elementor-container elementor-column-gap-default\">\n\t\t\t\t\t\t\t<div class=\"elementor-row\">\n\t\t\t\t\t<div class=\"elementor-column elementor-col-100 elementor-top-column elementor-element elementor-element-472694f\" data-id=\"472694f\" data-element_type=\"column\">\n\t\t\t<div class=\"elementor-column-wrap elementor-element-populated\">\n\t\t\t\t\t\t\t<div class=\"elementor-widget-wrap\">\n\t\t\t\t\t\t<div class=\"elementor-element elementor-element-a67af12 elementor-widget elementor-widget-image\" data-id=\"a67af12\" data-element_type=\"widget\" data-widget_type=\"image.default\">\n\t\t\t\t<div class=\"elementor-widget-container\">\n\t\t\t\t\t\t\t\t<div class=\"elementor-image\">\n\t\t\t\t\t\t\t\t\t<figure class=\"wp-caption\">\n\t\t\t\t\t\t\t\t\t\t<img width=\"1024\" height=\"923\" src=\"https:\/\/tenerife-hike-wandern.com\/wp-content\/uploads\/2021\/03\/Teide-pico-1-1024x923.jpg\" class=\"attachment-large size-large\" alt=\"Teide pico, senderismo, Gipfel, Spitze, wandern. top. Gregorios Trekking Tenerife\" srcset=\"https:\/\/tenerife-hike-wandern.com\/wp-content\/uploads\/2021\/03\/Teide-pico-1-1024x923.jpg 1024w, https:\/\/tenerife-hike-wandern.com\/wp-content\/uploads\/2021\/03\/Teide-pico-1-300x270.jpg 300w, https:\/\/tenerife-hike-wandern.com\/wp-content\/uploads\/2021\/03\/Teide-pico-1-768x692.jpg 768w, https:\/\/tenerife-hike-wandern.com\/wp-content\/uploads\/2021\/03\/Teide-pico-1.jpg 1080w\" sizes=\"(max-width: 1024px) 100vw, 1024px\" \/>\t\t\t\t\t\t\t\t\t\t\t<figcaption class=\"widget-image-caption wp-caption-text\">Victor Camejo, Gregoriostrekking en el pico del Teide<\/figcaption>\n\t\t\t\t\t\t\t\t\t\t<\/figure>\n\t\t\t\t\t\t\t\t<\/div>\n\t\t\t\t\t\t<\/div>\n\t\t\t\t<\/div>\n\t\t\t\t\t\t<\/div>\n\t\t\t\t\t<\/div>\n\t\t<\/div>\n\t\t\t\t\t\t\t\t<\/div>\n\t\t\t\t\t<\/div>\n\t\t<\/section>\n\t\t\t\t\t\t<\/div>\n\t\t\t\t\t\t<\/div>\n\t\t\t\t\t<\/div>\n\t\t","protected":false},"excerpt":{"rendered":"<p>Mam\u00e1, Pap\u00e1 y Teide \u00a0 \u00a0 \u00a0Para la gente del norte de Tenerife, y para los que somos de La Orotava. El Teide, con su imagen, colosal, sobresaliendo majestuosamente, de la l\u00ednea del cielo, de la isla. Siempre arriba, siempre, ah\u00ed, El padre Teide. Su imagen, su presencia, nos ha acompa\u00f1ado siempre. Estando, all\u00e1 en [&hellip;]<\/p>\n","protected":false},"author":7,"featured_media":0,"comment_status":"open","ping_status":"open","sticky":false,"template":"","format":"standard","meta":[],"categories":[8],"tags":[],"_links":{"self":[{"href":"https:\/\/tenerife-hike-wandern.com\/index.php?rest_route=\/wp\/v2\/posts\/2171"}],"collection":[{"href":"https:\/\/tenerife-hike-wandern.com\/index.php?rest_route=\/wp\/v2\/posts"}],"about":[{"href":"https:\/\/tenerife-hike-wandern.com\/index.php?rest_route=\/wp\/v2\/types\/post"}],"author":[{"embeddable":true,"href":"https:\/\/tenerife-hike-wandern.com\/index.php?rest_route=\/wp\/v2\/users\/7"}],"replies":[{"embeddable":true,"href":"https:\/\/tenerife-hike-wandern.com\/index.php?rest_route=%2Fwp%2Fv2%2Fcomments&post=2171"}],"version-history":[{"count":31,"href":"https:\/\/tenerife-hike-wandern.com\/index.php?rest_route=\/wp\/v2\/posts\/2171\/revisions"}],"predecessor-version":[{"id":2202,"href":"https:\/\/tenerife-hike-wandern.com\/index.php?rest_route=\/wp\/v2\/posts\/2171\/revisions\/2202"}],"wp:attachment":[{"href":"https:\/\/tenerife-hike-wandern.com\/index.php?rest_route=%2Fwp%2Fv2%2Fmedia&parent=2171"}],"wp:term":[{"taxonomy":"category","embeddable":true,"href":"https:\/\/tenerife-hike-wandern.com\/index.php?rest_route=%2Fwp%2Fv2%2Fcategories&post=2171"},{"taxonomy":"post_tag","embeddable":true,"href":"https:\/\/tenerife-hike-wandern.com\/index.php?rest_route=%2Fwp%2Fv2%2Ftags&post=2171"}],"curies":[{"name":"wp","href":"https:\/\/api.w.org\/{rel}","templated":true}]}}