{"id":2042,"date":"2021-05-27T20:02:09","date_gmt":"2021-05-27T20:02:09","guid":{"rendered":"https:\/\/tenerife-hike-wandern.com\/?p=2042"},"modified":"2021-05-27T20:35:09","modified_gmt":"2021-05-27T20:35:09","slug":"la-supervivencia-de-los-guanches","status":"publish","type":"post","link":"https:\/\/tenerife-hike-wandern.com\/?p=2042","title":{"rendered":"La supervivencia de los guanches."},"content":{"rendered":"\t\t<div data-elementor-type=\"wp-post\" data-elementor-id=\"2042\" class=\"elementor elementor-2042\" data-elementor-settings=\"[]\">\n\t\t\t\t\t\t<div class=\"elementor-inner\">\n\t\t\t\t\t\t\t<div class=\"elementor-section-wrap\">\n\t\t\t\t\t\t\t<section class=\"elementor-section elementor-top-section elementor-element elementor-element-f048967 elementor-section-boxed elementor-section-height-default elementor-section-height-default\" data-id=\"f048967\" data-element_type=\"section\">\n\t\t\t\t\t\t<div class=\"elementor-container elementor-column-gap-default\">\n\t\t\t\t\t\t\t<div class=\"elementor-row\">\n\t\t\t\t\t<div class=\"elementor-column elementor-col-100 elementor-top-column elementor-element elementor-element-f07a1b6\" data-id=\"f07a1b6\" data-element_type=\"column\">\n\t\t\t<div class=\"elementor-column-wrap elementor-element-populated\">\n\t\t\t\t\t\t\t<div class=\"elementor-widget-wrap\">\n\t\t\t\t\t\t<div class=\"elementor-element elementor-element-430f908 elementor-widget elementor-widget-image\" data-id=\"430f908\" data-element_type=\"widget\" data-widget_type=\"image.default\">\n\t\t\t\t<div class=\"elementor-widget-container\">\n\t\t\t\t\t\t\t\t<div class=\"elementor-image\">\n\t\t\t\t\t\t\t\t\t<figure class=\"wp-caption\">\n\t\t\t\t\t\t\t\t\t\t<img width=\"1024\" height=\"564\" src=\"https:\/\/tenerife-hike-wandern.com\/wp-content\/uploads\/2021\/05\/Nino-Lanzarote-1024x564.jpg\" class=\"attachment-large size-large\" alt=\"Ni\u00f1o cabrero. Gregorios Tenerife\" srcset=\"https:\/\/tenerife-hike-wandern.com\/wp-content\/uploads\/2021\/05\/Nino-Lanzarote-1024x564.jpg 1024w, https:\/\/tenerife-hike-wandern.com\/wp-content\/uploads\/2021\/05\/Nino-Lanzarote-300x165.jpg 300w, https:\/\/tenerife-hike-wandern.com\/wp-content\/uploads\/2021\/05\/Nino-Lanzarote-768x423.jpg 768w, https:\/\/tenerife-hike-wandern.com\/wp-content\/uploads\/2021\/05\/Nino-Lanzarote.jpg 1080w\" sizes=\"(max-width: 1024px) 100vw, 1024px\" \/>\t\t\t\t\t\t\t\t\t\t\t<figcaption class=\"widget-image-caption wp-caption-text\">Ni\u00f1o cabrero canario, Lanzarote.<\/figcaption>\n\t\t\t\t\t\t\t\t\t\t<\/figure>\n\t\t\t\t\t\t\t\t<\/div>\n\t\t\t\t\t\t<\/div>\n\t\t\t\t<\/div>\n\t\t\t\t\t\t<\/div>\n\t\t\t\t\t<\/div>\n\t\t<\/div>\n\t\t\t\t\t\t\t\t<\/div>\n\t\t\t\t\t<\/div>\n\t\t<\/section>\n\t\t\t\t<section class=\"elementor-section elementor-top-section elementor-element elementor-element-234a4ba elementor-section-boxed elementor-section-height-default elementor-section-height-default\" data-id=\"234a4ba\" data-element_type=\"section\">\n\t\t\t\t\t\t<div class=\"elementor-container elementor-column-gap-default\">\n\t\t\t\t\t\t\t<div class=\"elementor-row\">\n\t\t\t\t\t<div class=\"elementor-column elementor-col-100 elementor-top-column elementor-element elementor-element-4033e89\" data-id=\"4033e89\" data-element_type=\"column\">\n\t\t\t<div class=\"elementor-column-wrap\">\n\t\t\t\t\t\t\t<div class=\"elementor-widget-wrap\">\n\t\t\t\t\t\t\t\t<\/div>\n\t\t\t\t\t<\/div>\n\t\t<\/div>\n\t\t\t\t\t\t\t\t<\/div>\n\t\t\t\t\t<\/div>\n\t\t<\/section>\n\t\t\t\t<section class=\"elementor-section elementor-top-section elementor-element elementor-element-44f5004 elementor-section-boxed elementor-section-height-default elementor-section-height-default\" data-id=\"44f5004\" data-element_type=\"section\">\n\t\t\t\t\t\t<div class=\"elementor-container elementor-column-gap-default\">\n\t\t\t\t\t\t\t<div class=\"elementor-row\">\n\t\t\t\t\t<div class=\"elementor-column elementor-col-100 elementor-top-column elementor-element elementor-element-2627a64\" data-id=\"2627a64\" data-element_type=\"column\">\n\t\t\t<div class=\"elementor-column-wrap elementor-element-populated\">\n\t\t\t\t\t\t\t<div class=\"elementor-widget-wrap\">\n\t\t\t\t\t\t<div class=\"elementor-element elementor-element-ee66e71 elementor-widget elementor-widget-text-editor\" data-id=\"ee66e71\" data-element_type=\"widget\" data-widget_type=\"text-editor.default\">\n\t\t\t\t<div class=\"elementor-widget-container\">\n\t\t\t\t\t\t\t\t<div class=\"elementor-text-editor elementor-clearfix\">\n\t\t\t\t<p>\u00a0No soy un grand\u00edsimo experto, en el tema. No soy profesor de la universidad. Pero puedo, hablar de lo que creo que conozco, y supongo. Por lo que he visto, por lo que he le\u00eddo, estudiado. De aqu\u00ed, y en otros lados. No intento levantar c\u00e1tedra, pero dar\u00e9 mi opini\u00f3n, y la de mucha gente aqu\u00ed. Y creo que tiene mucha l\u00f3gica. Y el patr\u00f3n se repite en otros lugares.<\/p><p>\u00a0 Y es que creo, y siempre he cre\u00eddo, y muchos m\u00e1s. Y creo que hoy todav\u00eda mas gente, porque lo sustenta, los \u00faltimos estudios, gen\u00e9tico en la poblaci\u00f3n canaria; Que un buen porcentaje de los canarios descienden de los guanches en Tenerife, o abor\u00edgenes para todos los canarios. Aunque se ha repetido hasta la saciedad, durante mucho tiempo, que los guanches hab\u00edan desaparecido como pueblo. Hoy en d\u00eda est\u00e1 mas que demostrado, que el pueblo canario actual, es producto de la mezcla, del bereber con el europeo. Algo que no entiendo, que hayan gu\u00edas tur\u00edsticos, que digan esta mentira sin consistencia. El pueblo canario, como tal, se forma, en el siglo XVI y XVII, justo cuando se acaba la conquista, y comienza la colonizaci\u00f3n. En ese momento, intentaron mantenerse rebeldes, y huyeron a las monta\u00f1as, son los que llamar\u00e1n \u00ablos magos\u00bb otros se quedaron trabajando, para los nuevos jefes. Muchos se mezclar\u00e1n con ellos, y con los artesanos y especialistas, en el cultivo de la ca\u00f1a de az\u00facar y el vino, este \u00faltimo en Tenerife. Ah\u00ed la llegada de muchos portugueses, dicen que muchos conversos sefarditas. Y con el tiempo muchos de los guanches de las monta\u00f1as, se ir\u00e1n pacificando, y bajando a las ciudades. Aceptando la situaci\u00f3n, pero las zonas monta\u00f1osas, seguir\u00e1n conservando su toponimia guanche. E incluso en muchos sitios se sigui\u00f3 hablando guanche durante varios siglos mas. Se conserv\u00f3 la lucha canaria, el juego del palo, La virgen de Candelaria, es una antigua diosa guanche; Chaisiraxi. Nos pusieron apellidos castellanos, cuando nos bautizaron, como Rodr\u00edguez, Hern\u00e1ndez, Gonz\u00e1lez&#8230; ( como Jackson, Jonhson, Jordan . los brit\u00e1nicos). Algunos apellidos se conservaron como Baute. Mezclamos el castellano, el portugu\u00e9s, con el bereber. Y hablamos, con el acento de los abor\u00edgenes el espa\u00f1ol. Que luego llevamos a Cuba, Puerto Rico, Venezuela&#8230; cuando emigramos a esos lugares, durante siglos. Y nada m\u00e1s , este es mi testimonio, y que sirva de algo.<\/p>\t\t\t\t\t<\/div>\n\t\t\t\t\t\t<\/div>\n\t\t\t\t<\/div>\n\t\t\t\t\t\t<\/div>\n\t\t\t\t\t<\/div>\n\t\t<\/div>\n\t\t\t\t\t\t\t\t<\/div>\n\t\t\t\t\t<\/div>\n\t\t<\/section>\n\t\t\t\t<section class=\"elementor-section elementor-top-section elementor-element elementor-element-465ad4c elementor-section-boxed elementor-section-height-default elementor-section-height-default\" data-id=\"465ad4c\" data-element_type=\"section\">\n\t\t\t\t\t\t<div class=\"elementor-container elementor-column-gap-default\">\n\t\t\t\t\t\t\t<div class=\"elementor-row\">\n\t\t\t\t\t<div class=\"elementor-column elementor-col-50 elementor-top-column elementor-element elementor-element-5c4f91b\" data-id=\"5c4f91b\" data-element_type=\"column\">\n\t\t\t<div class=\"elementor-column-wrap elementor-element-populated\">\n\t\t\t\t\t\t\t<div class=\"elementor-widget-wrap\">\n\t\t\t\t\t\t<div class=\"elementor-element elementor-element-7792804 elementor-widget elementor-widget-image\" data-id=\"7792804\" data-element_type=\"widget\" data-widget_type=\"image.default\">\n\t\t\t\t<div class=\"elementor-widget-container\">\n\t\t\t\t\t\t\t\t<div class=\"elementor-image\">\n\t\t\t\t\t\t\t\t\t\t\t\t<img width=\"1024\" height=\"1019\" src=\"https:\/\/tenerife-hike-wandern.com\/wp-content\/uploads\/2021\/05\/Buscando-Burgados-1024x1019.jpg\" class=\"attachment-large size-large\" alt=\"Gregorios trekking\" srcset=\"https:\/\/tenerife-hike-wandern.com\/wp-content\/uploads\/2021\/05\/Buscando-Burgados-1024x1019.jpg 1024w, https:\/\/tenerife-hike-wandern.com\/wp-content\/uploads\/2021\/05\/Buscando-Burgados-300x300.jpg 300w, https:\/\/tenerife-hike-wandern.com\/wp-content\/uploads\/2021\/05\/Buscando-Burgados-150x150.jpg 150w, https:\/\/tenerife-hike-wandern.com\/wp-content\/uploads\/2021\/05\/Buscando-Burgados-768x764.jpg 768w, https:\/\/tenerife-hike-wandern.com\/wp-content\/uploads\/2021\/05\/Buscando-Burgados.jpg 1080w\" sizes=\"(max-width: 1024px) 100vw, 1024px\" \/>\t\t\t\t\t\t\t\t\t\t\t\t\t\t<\/div>\n\t\t\t\t\t\t<\/div>\n\t\t\t\t<\/div>\n\t\t\t\t\t\t<\/div>\n\t\t\t\t\t<\/div>\n\t\t<\/div>\n\t\t\t\t<div class=\"elementor-column elementor-col-50 elementor-top-column elementor-element elementor-element-ca34afa\" data-id=\"ca34afa\" data-element_type=\"column\">\n\t\t\t<div class=\"elementor-column-wrap elementor-element-populated\">\n\t\t\t\t\t\t\t<div class=\"elementor-widget-wrap\">\n\t\t\t\t\t\t<div class=\"elementor-element elementor-element-656ffdf elementor-widget elementor-widget-image\" data-id=\"656ffdf\" data-element_type=\"widget\" data-widget_type=\"image.default\">\n\t\t\t\t<div class=\"elementor-widget-container\">\n\t\t\t\t\t\t\t\t<div class=\"elementor-image\">\n\t\t\t\t\t\t\t\t\t\t\t\t<img width=\"602\" height=\"482\" src=\"https:\/\/tenerife-hike-wandern.com\/wp-content\/uploads\/2021\/05\/Cabreros-Teide-1.jpg\" class=\"attachment-large size-large\" alt=\"Gregorios trekking\" srcset=\"https:\/\/tenerife-hike-wandern.com\/wp-content\/uploads\/2021\/05\/Cabreros-Teide-1.jpg 602w, https:\/\/tenerife-hike-wandern.com\/wp-content\/uploads\/2021\/05\/Cabreros-Teide-1-300x240.jpg 300w\" sizes=\"(max-width: 602px) 100vw, 602px\" \/>\t\t\t\t\t\t\t\t\t\t\t\t\t\t<\/div>\n\t\t\t\t\t\t<\/div>\n\t\t\t\t<\/div>\n\t\t\t\t\t\t<\/div>\n\t\t\t\t\t<\/div>\n\t\t<\/div>\n\t\t\t\t\t\t\t\t<\/div>\n\t\t\t\t\t<\/div>\n\t\t<\/section>\n\t\t\t\t\t\t<\/div>\n\t\t\t\t\t\t<\/div>\n\t\t\t\t\t<\/div>\n\t\t","protected":false},"excerpt":{"rendered":"<p>Ni\u00f1o cabrero canario, Lanzarote. \u00a0No soy un grand\u00edsimo experto, en el tema. No soy profesor de la universidad. Pero puedo, hablar de lo que creo que conozco, y supongo. Por lo que he visto, por lo que he le\u00eddo, estudiado. De aqu\u00ed, y en otros lados. No intento levantar c\u00e1tedra, pero dar\u00e9 mi opini\u00f3n, y [&hellip;]<\/p>\n","protected":false},"author":1,"featured_media":0,"comment_status":"open","ping_status":"open","sticky":false,"template":"","format":"standard","meta":[],"categories":[8],"tags":[],"_links":{"self":[{"href":"https:\/\/tenerife-hike-wandern.com\/index.php?rest_route=\/wp\/v2\/posts\/2042"}],"collection":[{"href":"https:\/\/tenerife-hike-wandern.com\/index.php?rest_route=\/wp\/v2\/posts"}],"about":[{"href":"https:\/\/tenerife-hike-wandern.com\/index.php?rest_route=\/wp\/v2\/types\/post"}],"author":[{"embeddable":true,"href":"https:\/\/tenerife-hike-wandern.com\/index.php?rest_route=\/wp\/v2\/users\/1"}],"replies":[{"embeddable":true,"href":"https:\/\/tenerife-hike-wandern.com\/index.php?rest_route=%2Fwp%2Fv2%2Fcomments&post=2042"}],"version-history":[{"count":36,"href":"https:\/\/tenerife-hike-wandern.com\/index.php?rest_route=\/wp\/v2\/posts\/2042\/revisions"}],"predecessor-version":[{"id":2082,"href":"https:\/\/tenerife-hike-wandern.com\/index.php?rest_route=\/wp\/v2\/posts\/2042\/revisions\/2082"}],"wp:attachment":[{"href":"https:\/\/tenerife-hike-wandern.com\/index.php?rest_route=%2Fwp%2Fv2%2Fmedia&parent=2042"}],"wp:term":[{"taxonomy":"category","embeddable":true,"href":"https:\/\/tenerife-hike-wandern.com\/index.php?rest_route=%2Fwp%2Fv2%2Fcategories&post=2042"},{"taxonomy":"post_tag","embeddable":true,"href":"https:\/\/tenerife-hike-wandern.com\/index.php?rest_route=%2Fwp%2Fv2%2Ftags&post=2042"}],"curies":[{"name":"wp","href":"https:\/\/api.w.org\/{rel}","templated":true}]}}