{"id":1558,"date":"2021-05-12T15:11:10","date_gmt":"2021-05-12T15:11:10","guid":{"rendered":"https:\/\/tenerife-hike-wandern.com\/?p=1558"},"modified":"2021-05-12T15:17:11","modified_gmt":"2021-05-12T15:17:11","slug":"ya-es-primavera-en-el-teide","status":"publish","type":"post","link":"https:\/\/tenerife-hike-wandern.com\/?p=1558","title":{"rendered":"YA ES PRIMAVERA EN EL TEIDE"},"content":{"rendered":"\t\t<div data-elementor-type=\"wp-post\" data-elementor-id=\"1558\" class=\"elementor elementor-1558\" data-elementor-settings=\"[]\">\n\t\t\t\t\t\t<div class=\"elementor-inner\">\n\t\t\t\t\t\t\t<div class=\"elementor-section-wrap\">\n\t\t\t\t\t\t\t<section class=\"elementor-section elementor-top-section elementor-element elementor-element-2c0e7be elementor-section-boxed elementor-section-height-default elementor-section-height-default\" data-id=\"2c0e7be\" data-element_type=\"section\">\n\t\t\t\t\t\t<div class=\"elementor-container elementor-column-gap-default\">\n\t\t\t\t\t\t\t<div class=\"elementor-row\">\n\t\t\t\t\t<div class=\"elementor-column elementor-col-100 elementor-top-column elementor-element elementor-element-06cc9c3\" data-id=\"06cc9c3\" data-element_type=\"column\">\n\t\t\t<div class=\"elementor-column-wrap elementor-element-populated\">\n\t\t\t\t\t\t\t<div class=\"elementor-widget-wrap\">\n\t\t\t\t\t\t<div class=\"elementor-element elementor-element-312a383 elementor-widget elementor-widget-heading\" data-id=\"312a383\" data-element_type=\"widget\" data-widget_type=\"heading.default\">\n\t\t\t\t<div class=\"elementor-widget-container\">\n\t\t\t<h2 class=\"elementor-heading-title elementor-size-default\">UN A\u00d1O MAS VUELVE LA PRIMAVERA AL TEIDE<\/h2>\t\t<\/div>\n\t\t\t\t<\/div>\n\t\t\t\t\t\t<\/div>\n\t\t\t\t\t<\/div>\n\t\t<\/div>\n\t\t\t\t\t\t\t\t<\/div>\n\t\t\t\t\t<\/div>\n\t\t<\/section>\n\t\t\t\t<section class=\"elementor-section elementor-top-section elementor-element elementor-element-e6d8d5a elementor-section-boxed elementor-section-height-default elementor-section-height-default\" data-id=\"e6d8d5a\" data-element_type=\"section\">\n\t\t\t\t\t\t<div class=\"elementor-container elementor-column-gap-default\">\n\t\t\t\t\t\t\t<div class=\"elementor-row\">\n\t\t\t\t\t<div class=\"elementor-column elementor-col-50 elementor-top-column elementor-element elementor-element-67cde96\" data-id=\"67cde96\" data-element_type=\"column\">\n\t\t\t<div class=\"elementor-column-wrap elementor-element-populated\">\n\t\t\t\t\t\t\t<div class=\"elementor-widget-wrap\">\n\t\t\t\t\t\t<div class=\"elementor-element elementor-element-ebe3c25 elementor-widget elementor-widget-text-editor\" data-id=\"ebe3c25\" data-element_type=\"widget\" data-widget_type=\"text-editor.default\">\n\t\t\t\t<div class=\"elementor-widget-container\">\n\t\t\t\t\t\t\t\t<div class=\"elementor-text-editor elementor-clearfix\">\n\t\t\t\t<p>&nbsp;Como todos los a\u00f1os, vuelve uno de los momentos mas espectaculares, en El Teide. Tras la desaparici\u00f3n de hace tiempo de la nieve. Y la subida de las temperaturas, sobre todo nocturnas. Ya pueden volver las abejas , al parque nacional del Teide. A volver el arrullo, de su laborar entre las flores. <a href=\"https:\/\/es.wikipedia.org\/wiki\/Erysimum_scoparium\" target=\"_blank\" rel=\"noopener\">Alhelies del Teide<\/a>,&nbsp;<a href=\"https:\/\/es.wikipedia.org\/wiki\/Spartocytisus_supranubius\" target=\"_blank\" rel=\"noopener\">retamas del Teide,<\/a>&#8230; pero sobre todos reina, como una de las plantas mas espectaculares<b>,&nbsp;<\/b><a href=\"https:\/\/en.wikipedia.org\/wiki\/Echium_wildpretii\" target=\"_blank\">el Tajinaste rojo del Teide<\/a>. Y uno de los reclamos para subir estos d\u00edas al Teide. Y conseguir la ansiada foto, de una de la mas bellas plantas del Teide , Tenerife, Canarias.<\/p>\t\t\t\t\t<\/div>\n\t\t\t\t\t\t<\/div>\n\t\t\t\t<\/div>\n\t\t\t\t\t\t<\/div>\n\t\t\t\t\t<\/div>\n\t\t<\/div>\n\t\t\t\t<div class=\"elementor-column elementor-col-50 elementor-top-column elementor-element elementor-element-a4d7d04\" data-id=\"a4d7d04\" data-element_type=\"column\">\n\t\t\t<div class=\"elementor-column-wrap elementor-element-populated\">\n\t\t\t\t\t\t\t<div class=\"elementor-widget-wrap\">\n\t\t\t\t\t\t<div class=\"elementor-element elementor-element-8784959 elementor-widget elementor-widget-image\" data-id=\"8784959\" data-element_type=\"widget\" data-widget_type=\"image.default\">\n\t\t\t\t<div class=\"elementor-widget-container\">\n\t\t\t\t\t\t\t\t<div class=\"elementor-image\">\n\t\t\t\t\t\t\t\t\t<figure class=\"wp-caption\">\n\t\t\t\t\t\t\t\t\t\t<img width=\"1024\" height=\"1024\" src=\"https:\/\/tenerife-hike-wandern.com\/wp-content\/uploads\/2021\/05\/tajinaste-rojo-1024x1024.jpg\" class=\"attachment-large size-large\" alt=\"Tajinaste del Teide. Gregorios trekking\" srcset=\"https:\/\/tenerife-hike-wandern.com\/wp-content\/uploads\/2021\/05\/tajinaste-rojo-1024x1024.jpg 1024w, https:\/\/tenerife-hike-wandern.com\/wp-content\/uploads\/2021\/05\/tajinaste-rojo-300x300.jpg 300w, https:\/\/tenerife-hike-wandern.com\/wp-content\/uploads\/2021\/05\/tajinaste-rojo-150x150.jpg 150w, https:\/\/tenerife-hike-wandern.com\/wp-content\/uploads\/2021\/05\/tajinaste-rojo-768x768.jpg 768w, https:\/\/tenerife-hike-wandern.com\/wp-content\/uploads\/2021\/05\/tajinaste-rojo-1536x1536.jpg 1536w, https:\/\/tenerife-hike-wandern.com\/wp-content\/uploads\/2021\/05\/tajinaste-rojo-2048x2048.jpg 2048w\" sizes=\"(max-width: 1024px) 100vw, 1024px\" \/>\t\t\t\t\t\t\t\t\t\t\t<figcaption class=\"widget-image-caption wp-caption-text\">Tajinaste del Teide. Gregorios trekking<\/figcaption>\n\t\t\t\t\t\t\t\t\t\t<\/figure>\n\t\t\t\t\t\t\t\t<\/div>\n\t\t\t\t\t\t<\/div>\n\t\t\t\t<\/div>\n\t\t\t\t\t\t<\/div>\n\t\t\t\t\t<\/div>\n\t\t<\/div>\n\t\t\t\t\t\t\t\t<\/div>\n\t\t\t\t\t<\/div>\n\t\t<\/section>\n\t\t\t\t<section class=\"elementor-section elementor-top-section elementor-element elementor-element-7fc9e8b elementor-section-boxed elementor-section-height-default elementor-section-height-default\" data-id=\"7fc9e8b\" data-element_type=\"section\">\n\t\t\t\t\t\t<div class=\"elementor-container elementor-column-gap-default\">\n\t\t\t\t\t\t\t<div class=\"elementor-row\">\n\t\t\t\t\t<div class=\"elementor-column elementor-col-50 elementor-top-column elementor-element elementor-element-294ca5b\" data-id=\"294ca5b\" data-element_type=\"column\">\n\t\t\t<div class=\"elementor-column-wrap elementor-element-populated\">\n\t\t\t\t\t\t\t<div class=\"elementor-widget-wrap\">\n\t\t\t\t\t\t<div class=\"elementor-element elementor-element-c9b1f63 elementor-widget elementor-widget-image\" data-id=\"c9b1f63\" data-element_type=\"widget\" data-widget_type=\"image.default\">\n\t\t\t\t<div class=\"elementor-widget-container\">\n\t\t\t\t\t\t\t\t<div class=\"elementor-image\">\n\t\t\t\t\t\t\t\t\t<figure class=\"wp-caption\">\n\t\t\t\t\t\t\t\t\t\t<img width=\"1024\" height=\"865\" src=\"https:\/\/tenerife-hike-wandern.com\/wp-content\/uploads\/2021\/05\/tajianaste-y-estrellas-mayo-21.-Gregorios-trekking-1024x865.jpg\" class=\"attachment-large size-large\" alt=\"Tajinaste y Escorpion. Teide Gregorios trekking\" srcset=\"https:\/\/tenerife-hike-wandern.com\/wp-content\/uploads\/2021\/05\/tajianaste-y-estrellas-mayo-21.-Gregorios-trekking-1024x865.jpg 1024w, https:\/\/tenerife-hike-wandern.com\/wp-content\/uploads\/2021\/05\/tajianaste-y-estrellas-mayo-21.-Gregorios-trekking-300x253.jpg 300w, https:\/\/tenerife-hike-wandern.com\/wp-content\/uploads\/2021\/05\/tajianaste-y-estrellas-mayo-21.-Gregorios-trekking-768x649.jpg 768w, https:\/\/tenerife-hike-wandern.com\/wp-content\/uploads\/2021\/05\/tajianaste-y-estrellas-mayo-21.-Gregorios-trekking.jpg 1080w\" sizes=\"(max-width: 1024px) 100vw, 1024px\" \/>\t\t\t\t\t\t\t\t\t\t\t<figcaption class=\"widget-image-caption wp-caption-text\">Tajinaste y Escorpion. Teide Gregorios trekking<\/figcaption>\n\t\t\t\t\t\t\t\t\t\t<\/figure>\n\t\t\t\t\t\t\t\t<\/div>\n\t\t\t\t\t\t<\/div>\n\t\t\t\t<\/div>\n\t\t\t\t\t\t<\/div>\n\t\t\t\t\t<\/div>\n\t\t<\/div>\n\t\t\t\t<div class=\"elementor-column elementor-col-50 elementor-top-column elementor-element elementor-element-fe87ad5\" data-id=\"fe87ad5\" data-element_type=\"column\">\n\t\t\t<div class=\"elementor-column-wrap elementor-element-populated\">\n\t\t\t\t\t\t\t<div class=\"elementor-widget-wrap\">\n\t\t\t\t\t\t<div class=\"elementor-element elementor-element-736760a elementor-widget elementor-widget-image\" data-id=\"736760a\" data-element_type=\"widget\" data-widget_type=\"image.default\">\n\t\t\t\t<div class=\"elementor-widget-container\">\n\t\t\t\t\t\t\t\t<div class=\"elementor-image\">\n\t\t\t\t\t\t\t\t\t<figure class=\"wp-caption\">\n\t\t\t\t\t\t\t\t\t\t<img width=\"1024\" height=\"923\" src=\"https:\/\/tenerife-hike-wandern.com\/wp-content\/uploads\/2021\/03\/Teide-estrellas-1024x923.jpg\" class=\"attachment-large size-large\" alt=\"Gregorios trekking\" srcset=\"https:\/\/tenerife-hike-wandern.com\/wp-content\/uploads\/2021\/03\/Teide-estrellas-1024x923.jpg 1024w, https:\/\/tenerife-hike-wandern.com\/wp-content\/uploads\/2021\/03\/Teide-estrellas-300x270.jpg 300w, https:\/\/tenerife-hike-wandern.com\/wp-content\/uploads\/2021\/03\/Teide-estrellas-768x692.jpg 768w, https:\/\/tenerife-hike-wandern.com\/wp-content\/uploads\/2021\/03\/Teide-estrellas.jpg 1080w\" sizes=\"(max-width: 1024px) 100vw, 1024px\" \/>\t\t\t\t\t\t\t\t\t\t\t<figcaption class=\"widget-image-caption wp-caption-text\">Gregorios trekking, Teide y estrellas. Foto de Javier Suarez<\/figcaption>\n\t\t\t\t\t\t\t\t\t\t<\/figure>\n\t\t\t\t\t\t\t\t<\/div>\n\t\t\t\t\t\t<\/div>\n\t\t\t\t<\/div>\n\t\t\t\t\t\t<\/div>\n\t\t\t\t\t<\/div>\n\t\t<\/div>\n\t\t\t\t\t\t\t\t<\/div>\n\t\t\t\t\t<\/div>\n\t\t<\/section>\n\t\t\t\t\t\t<\/div>\n\t\t\t\t\t\t<\/div>\n\t\t\t\t\t<\/div>\n\t\t","protected":false},"excerpt":{"rendered":"<p>UN A\u00d1O MAS VUELVE LA PRIMAVERA AL TEIDE &nbsp;Como todos los a\u00f1os, vuelve uno de los momentos mas espectaculares, en El Teide. Tras la desaparici\u00f3n de hace tiempo de la nieve. Y la subida de las temperaturas, sobre todo nocturnas. Ya pueden volver las abejas , al parque nacional del Teide. A volver el arrullo, [&hellip;]<\/p>\n","protected":false},"author":1,"featured_media":0,"comment_status":"open","ping_status":"open","sticky":false,"template":"","format":"standard","meta":[],"categories":[8],"tags":[],"_links":{"self":[{"href":"https:\/\/tenerife-hike-wandern.com\/index.php?rest_route=\/wp\/v2\/posts\/1558"}],"collection":[{"href":"https:\/\/tenerife-hike-wandern.com\/index.php?rest_route=\/wp\/v2\/posts"}],"about":[{"href":"https:\/\/tenerife-hike-wandern.com\/index.php?rest_route=\/wp\/v2\/types\/post"}],"author":[{"embeddable":true,"href":"https:\/\/tenerife-hike-wandern.com\/index.php?rest_route=\/wp\/v2\/users\/1"}],"replies":[{"embeddable":true,"href":"https:\/\/tenerife-hike-wandern.com\/index.php?rest_route=%2Fwp%2Fv2%2Fcomments&post=1558"}],"version-history":[{"count":5,"href":"https:\/\/tenerife-hike-wandern.com\/index.php?rest_route=\/wp\/v2\/posts\/1558\/revisions"}],"predecessor-version":[{"id":1565,"href":"https:\/\/tenerife-hike-wandern.com\/index.php?rest_route=\/wp\/v2\/posts\/1558\/revisions\/1565"}],"wp:attachment":[{"href":"https:\/\/tenerife-hike-wandern.com\/index.php?rest_route=%2Fwp%2Fv2%2Fmedia&parent=1558"}],"wp:term":[{"taxonomy":"category","embeddable":true,"href":"https:\/\/tenerife-hike-wandern.com\/index.php?rest_route=%2Fwp%2Fv2%2Fcategories&post=1558"},{"taxonomy":"post_tag","embeddable":true,"href":"https:\/\/tenerife-hike-wandern.com\/index.php?rest_route=%2Fwp%2Fv2%2Ftags&post=1558"}],"curies":[{"name":"wp","href":"https:\/\/api.w.org\/{rel}","templated":true}]}}